{"id":2800,"date":"2009-05-07T11:52:16","date_gmt":"2009-05-07T10:52:16","guid":{"rendered":"http:\/\/carfree.fr\/?p=2800"},"modified":"2024-05-15T09:24:50","modified_gmt":"2024-05-15T08:24:50","slug":"le-bagnolo-trophee-2009-est-attribue-a-la-ville-de-toulon","status":"publish","type":"post","link":"https:\/\/carfree.fr\/index.php\/2009\/05\/07\/le-bagnolo-trophee-2009-est-attribue-a-la-ville-de-toulon\/","title":{"rendered":"Le Bagnolo-Troph\u00e9e 2009 est attribu\u00e9 \u00e0 la ville de Toulon"},"content":{"rendered":"<p><a title=\"http:\/\/carfree.fr\/\" href=\"http:\/\/carfree.fr\/\" target=\"_self\" rel=\"noopener\">Carfree France<\/a> d\u00e9cerne son bagnolo-troph\u00e9e 2009 \u00e0 la ville de Toulon, et plus particuli\u00e8rement \u00e0 son maire, Hubert Falco, pour l&rsquo;ensemble de son \u0153uvre en faveur du tout-automobile et pour avoir fait de Toulon la \u00ab\u00a0ville de la bagnole\u00a0\u00bb. <!--more--><\/p>\n<p>Le Grenelle de l\u2019Environnement, c\u2019est bon pour les autres ! C\u2019est ce que pense Hubert Falco, Secr\u00e9taire d\u2019\u00e9tat \u00e0 l\u2019am\u00e9nagement du territoire, membre de l\u2019\u00e9quipe de Jean-Louis Borloo, Ministre d&rsquo;\u00e9tat de l&rsquo;\u00e9cologie, de l&rsquo;\u00e9nergie, du d\u00e9veloppement durable et de l&rsquo;am\u00e9nagement du territoire&#8230; En effet, \u00e0 Toulon, ville dont il cumule les mandats de maire et de pr\u00e9sident d\u2019agglom\u00e9ration, la voiture est reine.<\/p>\n<p>En 2008, la F\u00e9d\u00e9ration nationale des usagers des transports (FNAUT) d\u00e9cernait \u00e0 l&rsquo;agglom\u00e9ration de Toulon le \u00ab\u00a0Ticket rouge\u00a0\u00bb destin\u00e9 \u00e0 \u00ab\u00a0r\u00e9compenser\u00a0\u00bb la \u00ab\u00a0plus grande agglom\u00e9ration fran\u00e7aise sans tramway\u00a0\u00bb. Hubert Falco, maire UMP de Toulon et pr\u00e9sident de Toulon Provence M\u00e9diterran\u00e9e a en effet renonc\u00e9 \u00e0 une ligne de tramway d\u00e9cid\u00e9e en 2000 dans le cadre du plan de d\u00e9placements urbains qu\u2019il avait fait adopter, au profit d\u2019un trolleybus guid\u00e9 de moindre capacit\u00e9. Puis, il a report\u00e9 la construction de la ligne apr\u00e8s la r\u00e9alisation du second tunnel routier qui doit traverser la ville de Toulon en 2012. Enfin il a d\u00e9cid\u00e9 de ne r\u00e9aliser d\u2019ici 2015 que la moiti\u00e9 de la ligne pr\u00e9vue. Toulon est d\u00e9sormais la seule grande agglom\u00e9ration fran\u00e7aise \u00e0 ne poss\u00e9der encore ni m\u00e9tro ni tramway.<\/p>\n<p>R\u00e9cemment, la F\u00e9d\u00e9ration fran\u00e7aise des usagers de la bicyclette (FUBicy) vient d&rsquo;attribuer \u00e0 la ville de Toulon son \u00ab\u00a0Clou Rouill\u00e9,\u00a0\u00bb qui \u00ab\u00a0r\u00e9compense\u00a0\u00bb la ville fran\u00e7aise faisant le moins d&rsquo;effort pour la pratique et le d\u00e9veloppement du v\u00e9lo en ville: moins de 40 km de voies cyclables \u00e0 Toulon, aucune continuit\u00e9 d\u2019itin\u00e9raires, des pistes servant aussi de trottoirs, du stationnement seulement pour les voitures et les motos et un refus manifeste de concertation avec l\u2019association locale des cyclistes urbains. Bref un mauvais exemple \u00e0 ne pas suivre!<\/p>\n<p>Pour toutes ces raisons, et au regard des responsabilit\u00e9s nationales d&rsquo;Hubert Falco dans le domaine de l&rsquo;am\u00e9nagement du territoire au sein d&rsquo;un minist\u00e8re sens\u00e9 porter les notions d&rsquo;\u00e9cologie et de d\u00e9veloppement durable, <a title=\"http:\/\/carfree.fr\/\" href=\"http:\/\/carfree.fr\/\" target=\"_self\" rel=\"noopener\">Carfree France<\/a> d\u00e9cerne son bagnolo-troph\u00e9e 2009 \u00e0 la ville de Toulon.<\/p>\n","protected":false},"excerpt":{"rendered":"<p>Carfree France d\u00e9cerne son bagnolo-troph\u00e9e 2009 \u00e0 la ville de Toulon, et plus particuli\u00e8rement \u00e0 son maire, Hubert Falco, pour l&rsquo;ensemble de son \u0153uvre en faveur du tout-automobile et pour <a class=\"more-link\" href=\"https:\/\/carfree.fr\/index.php\/2009\/05\/07\/le-bagnolo-trophee-2009-est-attribue-a-la-ville-de-toulon\/\">Lire la suite&#8230;<\/a><\/p>\n","protected":false},"author":1390,"featured_media":45988,"comment_status":"open","ping_status":"open","sticky":false,"template":"","format":"standard","meta":[],"categories":[4,73,8,7],"tags":[146,185,1064,247,15,138,328,84,68,308,16,281,272,159,521,215,574,248,237,38,1664,34],"views":12672,"_links":{"self":[{"href":"https:\/\/carfree.fr\/index.php\/wp-json\/wp\/v2\/posts\/2800"}],"collection":[{"href":"https:\/\/carfree.fr\/index.php\/wp-json\/wp\/v2\/posts"}],"about":[{"href":"https:\/\/carfree.fr\/index.php\/wp-json\/wp\/v2\/types\/post"}],"author":[{"embeddable":true,"href":"https:\/\/carfree.fr\/index.php\/wp-json\/wp\/v2\/users\/1390"}],"replies":[{"embeddable":true,"href":"https:\/\/carfree.fr\/index.php\/wp-json\/wp\/v2\/comments?post=2800"}],"version-history":[{"count":0,"href":"https:\/\/carfree.fr\/index.php\/wp-json\/wp\/v2\/posts\/2800\/revisions"}],"wp:featuredmedia":[{"embeddable":true,"href":"https:\/\/carfree.fr\/index.php\/wp-json\/wp\/v2\/media\/45988"}],"wp:attachment":[{"href":"https:\/\/carfree.fr\/index.php\/wp-json\/wp\/v2\/media?parent=2800"}],"wp:term":[{"taxonomy":"category","embeddable":true,"href":"https:\/\/carfree.fr\/index.php\/wp-json\/wp\/v2\/categories?post=2800"},{"taxonomy":"post_tag","embeddable":true,"href":"https:\/\/carfree.fr\/index.php\/wp-json\/wp\/v2\/tags?post=2800"}],"curies":[{"name":"wp","href":"https:\/\/api.w.org\/{rel}","templated":true}]}}