{"id":285,"date":"2005-08-22T14:59:48","date_gmt":"2005-08-22T13:59:48","guid":{"rendered":"http:\/\/carfree.fr\/index.php\/2005\/08\/22\/attentat-anti-4x4\/"},"modified":"2025-03-19T20:16:11","modified_gmt":"2025-03-19T19:16:11","slug":"attentat-anti-4x4","status":"publish","type":"post","link":"https:\/\/carfree.fr\/index.php\/2005\/08\/22\/attentat-anti-4x4\/","title":{"rendered":"Attentat anti-4\u00d74"},"content":{"rendered":"<p>ATTENTAT est un 4\u00d74 encore fumant ayant pr\u00e9alablement subi une explosion et auquel a \u00e9t\u00e9 int\u00e9gr\u00e9 une bande sonore et une vid\u00e9o manifeste. On est donc ici devant une mise en sc\u00e8ne hyper r\u00e9aliste d\u2019attentat terroriste qui accuse d\u2019un m\u00eame souffle l\u2019industrie automobile, les consommateurs et les gouvernements. Une exp\u00e9rience d\u00e9stabilisante et sans \u00e9quivoque, dont la violence conscientise le public sur les effets pervers de la v\u00e9n\u00e9ration des v\u00e9hicules \u00e9nergivores.<!--more--><\/p>\n<p><span style=\"font-weight: bold;\">ATTENTAT : LE MANIFESTE <\/span><\/p>\n<p>Parce que le seul 4\u00d74 utile est un 4\u00d74 mort.<\/p>\n<p>Parce qu\u2019une industrie qui retarde la production de v\u00e9hicules propres \u00e0 prix abordable est une industrie coupable.<\/p>\n<p>Parce qu\u2019un gouvernement qui n\u2019oblige pas l\u2019industrie \u00e0 faire de son mieux pour prot\u00e9ger le bien commun devrait d\u00e9missionner ou g\u00e9n\u00e9rer une r\u00e9volution contre industrielle.<\/p>\n<p>Parce qu\u2019un conducteur au comportement environnementalement inad\u00e9quat ne devrait pas avoir de permis.<\/p>\n<p><span style=\"font-weight: bold;\">EXPLICATIONS: <\/span><\/p>\n<p>Compte tenu de la tr\u00e8s bonne connaissance des liens directs de la consommation d\u2019essence sur l\u2019effet de serre, engendrant des probl\u00e8mes irr\u00e9parables sur la sant\u00e9 humaine et l\u2019\u00e9cologie de la plan\u00e8te, nous accusons l\u2019industrie automobile, endoss\u00e9e par l\u2019industrie p\u00e9troli\u00e8re et les gouvernements, de produire des v\u00e9hicules qui, en plus de ne pas se conformer aux normes de pollution des voitures, ne devraient m\u00eame pas exister comme un choix aux consommateurs.<\/p>\n<p>Nous trouvons injustifiable, irresponsable et outrageux d\u2019avoir laisser libre cours \u00e0 la production et \u00e0 la prolif\u00e9ration de ces engins \u00e9nergivores, ultra polluants et non s\u00e9curitaires et de les vendre tel le style de vie r\u00eav\u00e9, de la m\u00eame mani\u00e8re que nous vendions les cigarettes dans les ann\u00e9es cinquante.<\/p>\n<p>Nous jugeons inacceptable les sommes d\u00e9pens\u00e9es \u00e0 encourager une telle consommation versus celle \u00e0 l\u2019en dissuader et \u00e0 produire des v\u00e9hicules propres. L\u2019achat de 4\u00d74 est maintenant sup\u00e9rieur \u00e0 l\u2019achat de voitures. Un jour tr\u00e8s rapproch\u00e9 viendra ou les citoyens faisant leur effort face au respect du bien commun se r\u00e9volteront contre ceux qui ne s\u2019en pr\u00e9occupent pas.<\/p>\n<p>Avant que la violence entre citoyens n\u2019\u00e9clate voici nos <span style=\"font-weight: bold;\">REVENDICATIONS :<\/span><\/p>\n<p>Les torts fait \u00e0 l\u2019environnement et \u00e0 la sant\u00e9 humaine ne se compensent pas en argent et les citoyens qui font leur part pour \u00e9viter l\u2019achat de tels v\u00e9hicules ne demandent pas encore de compensation mais une action urgente pour en premier lieu :<\/p>\n<p>1. <span style=\"font-weight: bold;\">Dissuader<\/span> de nouveaux acheteurs de 4\u00d74 par de l\u2019information soutenue sur le mal fond\u00e9 de leur existence<\/p>\n<p>2. <span style=\"font-weight: bold;\">Condamner l\u2019industrie automobile<\/span> au m\u00eame titre que l\u2019industrie du tabac :<br \/>\nLe Smog peut causer la mort: le taux de rejet de GES (Gaz \u00e0 Effet de Serre) du v\u00e9hicule devrait obligatoirement \u00eatre diffus\u00e9 dans sa publicit\u00e9.<\/p>\n<p>3. <span style=\"font-weight: bold;\">Informer les consommateurs<\/span> \u00e0 propos des v\u00e9hicules propres et les faire b\u00e9n\u00e9ficier d\u2019une aide \u00e0 l\u2019achat substantielle.<\/p>\n<p>4. Obligation de faire v\u00e9rifier l\u2019\u00e9tat de tous les v\u00e9hicules \u00e0 chaque renouvellement d\u2019assurance automobile. Les chroniqueurs de trafic routiers de tous les m\u00e9dias devraient se donner le mandat de diffuser ces informations.<\/p>\n<p>5. De plus, tous les nouveaux v\u00e9hicules \u00e0 essence devraient \u00eatre munis de la technologie Stop &amp; Go qui r\u00e9duit consid\u00e9rablement la consommation d\u2019essence (jusqu\u2019\u00e0 10%). Les conducteurs de v\u00e9hicules existants devraient s\u2019en faire subventionner la pose par l\u2019industrie et le gouvernement et \u00eatre oblig\u00e9s d\u2019arr\u00eater leur v\u00e9hicule manuellement apr\u00e8s plus de quinze seconde d\u2019arr\u00eat (soit au feu rouge, en embouteillage ou en attente quelconque), comme cela se fait d\u00e9j\u00e0 en Suisse, sous peine de forte amende et d\u2019enl\u00e8vement de permis apr\u00e8s trois arrestations.<\/p>\n<p>ATSA s\u2019engage dans une campagne terroriste envers ces v\u00e9hicules et les comportements inad\u00e9quats des conducteurs. (ex. : ne pas \u00e9teindre son moteur \u00e0 l\u2019arr\u00eat, l\u2019existence des d\u00e9marreurs \u00e0 distance, vitesse excessive\u2026)<\/p>\n<p><span style=\"font-weight: bold;\">Source:<\/span> L\u2019Action Terroriste Socialement Acceptable (ATSA)<\/p>\n<p><em>Article repris dans\u00a0<a href=\"https:\/\/365galerie.wordpress.com\/2025\/03\/19\/carcrash\/\" target=\"_blank\" rel=\"noopener\">CarCrash<\/a>, une exposition virtuelle r\u00e9alis\u00e9e par <a href=\"https:\/\/365galerie.wordpress.com\/\">365Galerie<\/a>\u00a0en partenariat avec\u00a0<a href=\"https:\/\/carfree.fr\/\">Carfree France<\/a> sur le crash de l\u2019automobile dans nos vies, dans notre soci\u00e9t\u00e9 et sur notre plan\u00e8te.<\/em><\/p>\n","protected":false},"excerpt":{"rendered":"<p>ATTENTAT est un 4\u00d74 encore fumant ayant pr\u00e9alablement subi une explosion et auquel a \u00e9t\u00e9 int\u00e9gr\u00e9 une bande sonore et une vid\u00e9o manifeste. On est donc ici devant une mise <a class=\"more-link\" href=\"https:\/\/carfree.fr\/index.php\/2005\/08\/22\/attentat-anti-4x4\/\">Lire la suite&#8230;<\/a><\/p>\n","protected":false},"author":11,"featured_media":45883,"comment_status":"open","ping_status":"open","sticky":false,"template":"","format":"standard","meta":[],"categories":[124],"tags":[1848,181,183,295,57,56,33,210,320,105],"views":5097,"_links":{"self":[{"href":"https:\/\/carfree.fr\/index.php\/wp-json\/wp\/v2\/posts\/285"}],"collection":[{"href":"https:\/\/carfree.fr\/index.php\/wp-json\/wp\/v2\/posts"}],"about":[{"href":"https:\/\/carfree.fr\/index.php\/wp-json\/wp\/v2\/types\/post"}],"author":[{"embeddable":true,"href":"https:\/\/carfree.fr\/index.php\/wp-json\/wp\/v2\/users\/11"}],"replies":[{"embeddable":true,"href":"https:\/\/carfree.fr\/index.php\/wp-json\/wp\/v2\/comments?post=285"}],"version-history":[{"count":0,"href":"https:\/\/carfree.fr\/index.php\/wp-json\/wp\/v2\/posts\/285\/revisions"}],"wp:featuredmedia":[{"embeddable":true,"href":"https:\/\/carfree.fr\/index.php\/wp-json\/wp\/v2\/media\/45883"}],"wp:attachment":[{"href":"https:\/\/carfree.fr\/index.php\/wp-json\/wp\/v2\/media?parent=285"}],"wp:term":[{"taxonomy":"category","embeddable":true,"href":"https:\/\/carfree.fr\/index.php\/wp-json\/wp\/v2\/categories?post=285"},{"taxonomy":"post_tag","embeddable":true,"href":"https:\/\/carfree.fr\/index.php\/wp-json\/wp\/v2\/tags?post=285"}],"curies":[{"name":"wp","href":"https:\/\/api.w.org\/{rel}","templated":true}]}}