{"id":289,"date":"2005-02-26T15:09:45","date_gmt":"2005-02-26T14:09:45","guid":{"rendered":"http:\/\/carfree.fr\/index.php\/2005\/02\/26\/nuisances-de-lautomobile\/"},"modified":"2023-11-13T16:36:33","modified_gmt":"2023-11-13T15:36:33","slug":"nuisances-de-lautomobile","status":"publish","type":"post","link":"https:\/\/carfree.fr\/index.php\/2005\/02\/26\/nuisances-de-lautomobile\/","title":{"rendered":"Nuisances de l\u2019automobile"},"content":{"rendered":"<p>Le site <a href=\"http:\/\/gilles.chomel.free.fr\/\" target=\"_blank\" rel=\"noopener\">LAVISSAN<\/a> (voiture?) recense de mani\u00e8re dynamique l\u2019ensemble des nuisances de l\u2019automobile. Les internautes sont invit\u00e9s \u00e0 compl\u00e9ter cette liste de nuisances apport\u00e9es par l\u2019usage inconsid\u00e9r\u00e9 de l\u2019automobile particuli\u00e8re. Voici un extrait de cette liste: <!--more--><\/p>\n<p>&#8211; stress g\u00e9n\u00e9ralis\u00e9 partout (\u00e0 la ville et \u00e0 la campagne)<br \/>\n&#8211; \u00e9talement urbain<br \/>\n&#8211; concentration commerciale<br \/>\n&#8211; pics d\u2019ozone<br \/>\n&#8211; trous d\u2019ozone<br \/>\n&#8211; r\u00e9chauffement climatique<br \/>\n&#8211; fonte de la banquise,<br \/>\n&#8211; disparition des esp\u00e8ces<br \/>\n&#8211; \u00e9rosion acc\u00e9l\u00e9r\u00e9e des c\u00f4tes<br \/>\n&#8211; augmentation des cancers<br \/>\n&#8211; mortalit\u00e9 pi\u00e9tonne<br \/>\n&#8211; mortalit\u00e9 cycliste<br \/>\n&#8211; traumatologie humaine<br \/>\n&#8211; traumatologie animale<br \/>\n&#8211; d\u00e9gradation des biotopes<br \/>\n&#8211; paralysie des centres urbains<br \/>\n&#8211; dissuasion pi\u00e9tonne<br \/>\n&#8211; entrave \u00e0 la chor\u00e9graphie pi\u00e9tonne et \u00e0 l\u2019expression de la morphocin\u00e8se sociale<br \/>\n&#8211; dissuasion cycliste<br \/>\n&#8211; encouragement de la convoitise sociale<br \/>\n&#8211; encouragement par l\u2019exemple d\u2019un comportement \u00e9go\u00eeste et individualiste<br \/>\n&#8211; s\u00e9dentarit\u00e9 et manque d\u2019exercice =<br \/>\n* surcharge pond\u00e9rale<br \/>\n* diab\u00e8te<br \/>\n* ost\u00e9oporose<br \/>\n* alzheimer<br \/>\n* probl\u00e8mes cardio-vasculaires<br \/>\n* cancers<br \/>\n&#8211; h\u00e9catombe de la faune sauvage<br \/>\n&#8211; pollution sonore<br \/>\n&#8211; \u00e9puisement des \u00e9nergies non renouvelables<br \/>\n&#8211; pollution pulmonnaire<br \/>\n&#8211; encombrement du domaine public<br \/>\n&#8211; coupure du domaine public<br \/>\n&#8211; ralentissement des transports en commun et leur relative inefficacit\u00e9<br \/>\n&#8211; d\u00e9v\u00e9g\u00e9talisation des villes<br \/>\n&#8211; masquage des individus derri\u00e8re casques, carosserie, mais aussi vitesse, anonymasition et d\u00e9personnalisation<br \/>\n&#8211; macadamisation \u00e0 outrance de grandes surfaces du territoire public<br \/>\n&#8211; \u00e9chauffements urbains nocturnes localis\u00e9s \u00e0 cause de l\u2019exc\u00e9s de surface goudronn\u00e9es qui emmagasinent la chaleur le jour et la restituent durant les nuits estivales<br \/>\n&#8211; encouragement de la d\u00e9linquance violente type \u2018car jaking\u2019<br \/>\n&#8211; etc. etc.<\/p>\n<p><img decoding=\"async\" loading=\"lazy\" src=\"http:\/\/carfree.fr\/img\/2015\/10\/refus_modedevie_voiture.jpg\" width=\"144\" height=\"209\" class=\"alignnone\" \/><\/p>\n<p>Source : <a href=\"http:\/\/gilles.chomel.free.fr\/\" target=\"_blank\" rel=\"noopener\">http:\/\/gilles.chomel.free.fr\/lavissan.htm<\/a><\/p>\n","protected":false},"excerpt":{"rendered":"<p>Le site LAVISSAN (voiture?) recense de mani\u00e8re dynamique l\u2019ensemble des nuisances de l\u2019automobile. Les internautes sont invit\u00e9s \u00e0 compl\u00e9ter cette liste de nuisances apport\u00e9es par l\u2019usage inconsid\u00e9r\u00e9 de l\u2019automobile particuli\u00e8re. <a class=\"more-link\" href=\"https:\/\/carfree.fr\/index.php\/2005\/02\/26\/nuisances-de-lautomobile\/\">Lire la suite&#8230;<\/a><\/p>\n","protected":false},"author":27,"featured_media":41874,"comment_status":"open","ping_status":"open","sticky":false,"template":"","format":"standard","meta":[],"categories":[73],"tags":[1848,309,421,33,320],"views":4739,"_links":{"self":[{"href":"https:\/\/carfree.fr\/index.php\/wp-json\/wp\/v2\/posts\/289"}],"collection":[{"href":"https:\/\/carfree.fr\/index.php\/wp-json\/wp\/v2\/posts"}],"about":[{"href":"https:\/\/carfree.fr\/index.php\/wp-json\/wp\/v2\/types\/post"}],"author":[{"embeddable":true,"href":"https:\/\/carfree.fr\/index.php\/wp-json\/wp\/v2\/users\/27"}],"replies":[{"embeddable":true,"href":"https:\/\/carfree.fr\/index.php\/wp-json\/wp\/v2\/comments?post=289"}],"version-history":[{"count":0,"href":"https:\/\/carfree.fr\/index.php\/wp-json\/wp\/v2\/posts\/289\/revisions"}],"wp:featuredmedia":[{"embeddable":true,"href":"https:\/\/carfree.fr\/index.php\/wp-json\/wp\/v2\/media\/41874"}],"wp:attachment":[{"href":"https:\/\/carfree.fr\/index.php\/wp-json\/wp\/v2\/media?parent=289"}],"wp:term":[{"taxonomy":"category","embeddable":true,"href":"https:\/\/carfree.fr\/index.php\/wp-json\/wp\/v2\/categories?post=289"},{"taxonomy":"post_tag","embeddable":true,"href":"https:\/\/carfree.fr\/index.php\/wp-json\/wp\/v2\/tags?post=289"}],"curies":[{"name":"wp","href":"https:\/\/api.w.org\/{rel}","templated":true}]}}