{"id":29100,"date":"2015-11-02T09:29:02","date_gmt":"2015-11-02T08:29:02","guid":{"rendered":"http:\/\/carfree.fr\/?p=29100"},"modified":"2025-03-04T21:32:50","modified_gmt":"2025-03-04T20:32:50","slug":"berne-en-suisse-lance-le-premier-reseau-de-partage-de-velos-cargos-electriques","status":"publish","type":"post","link":"https:\/\/carfree.fr\/index.php\/2015\/11\/02\/berne-en-suisse-lance-le-premier-reseau-de-partage-de-velos-cargos-electriques\/","title":{"rendered":"Berne en Suisse lance le premier r\u00e9seau de partage de v\u00e9los-cargos \u00e9lectriques"},"content":{"rendered":"<p>L&rsquo;Acad\u00e9mie de la mobilit\u00e9 en Suisse a lanc\u00e9 le mercredi 30 septembre 2015 \u00e0 Berne \u00ab\u00a0carvelo2go\u00a0\u00bb, le premier r\u00e9seau de partage de v\u00e9los-cargos \u00e9lectriques au monde. <!--more--><\/p>\n<p>Via la plateforme <a href=\"https:\/\/www.carvelo2go.ch\/\" target=\"_blank\" rel=\"noopener\">carvelo2go.ch<\/a>, les personnes int\u00e9ress\u00e9es peuvent r\u00e9server pour un certain nombre d&rsquo;heures des v\u00e9los de transport \u00e9lectriques aupr\u00e8s de stations install\u00e9es \u00e0 plusieurs endroits de la ville de Berne. <\/p>\n<p>Les v\u00e9los-cargos ou v\u00e9los de transport se pr\u00eatent id\u00e9alement au transport des enfants et des marchandises en ville. Il est d\u00e9sormais fort simple de se procurer en ville de Berne un tel engin pour faire des transports ou pour en tester l&rsquo;utilit\u00e9 pratique. Apr\u00e8s un enregistrement unique et gratuit sur la plateforme, on choisit un des v\u00e9los-cargos disponibles et on le r\u00e9serve pour le nombre d&rsquo;heures souhait\u00e9. Puis, on en prend possession contre paiement aupr\u00e8s d&rsquo;un des sites d&rsquo;h\u00e9bergement (\u00ab\u00a0hosts\u00a0\u00bb) du r\u00e9seau.<\/p>\n<p><img decoding=\"async\" loading=\"lazy\" src=\"http:\/\/carfree.fr\/img\/2015\/10\/carvelo2go.jpg\" alt=\"carvelo2go\" width=\"535\" height=\"357\" class=\"alignnone size-full wp-image-29103\" \/><\/p>\n<p><strong>Les stations<\/strong><\/p>\n<p>Les exploitations et emplacements suivants servent actuellement de stations au projet: l&rsquo;Acad\u00e9mie de la mobilit\u00e9, le TCS \u00e0 divers endroits (not. \u00e0 la Maulbeerstrasse et au Thunplatz), les gares BLS de B\u00fcmpliz Nord et K\u00f6niz, la librairie Haupt, Vetter Herzog, La Cultina, la Barbi\u00e8re, Coffeebreak S\u00e0rl et Apfelgold. Ces \u00ab\u00a0hosts\u00a0\u00bb g\u00e8rent les cl\u00e9s et les batteries des 18 v\u00e9los-cargos formant le parc et peuvent, en contrepartie, s&rsquo;en servir gratuitement durant certaines p\u00e9riodes pour leur propre exploitation. Cette organisation encourage l&rsquo;utilisation de v\u00e9los de transport aussi bien dans le domaine priv\u00e9 que dans les entreprises et garantit de surcro\u00eet une exploitation optimale des v\u00e9los \u00e0 disposition.<\/p>\n<p>L&rsquo;Acad\u00e9mie de la mobilit\u00e9 pr\u00e9pare la participation d&rsquo;autres villes suisses \u00e0 ce projet pilote dans le domaine de la <a href=\"http:\/\/velogistique.carfree.fr\/\" target=\"_blank\" rel=\"noopener\">v\u00e9logistique<\/a> afin d&rsquo;offrir bient\u00f4t ce service au niveau national avec des partenaires suppl\u00e9mentaires.<\/p>\n<p><a href=\"https:\/\/www.carvelo2go.ch\/\" target=\"_blank\" rel=\"noopener\">https:\/\/www.carvelo2go.ch\/<\/a><\/p>\n","protected":false},"excerpt":{"rendered":"<p>L&rsquo;Acad\u00e9mie de la mobilit\u00e9 en Suisse a lanc\u00e9 le mercredi 30 septembre 2015 \u00e0 Berne \u00ab\u00a0carvelo2go\u00a0\u00bb, le premier r\u00e9seau de partage de v\u00e9los-cargos \u00e9lectriques au monde.<\/p>\n","protected":false},"author":1721,"featured_media":36683,"comment_status":"open","ping_status":"closed","sticky":false,"template":"","format":"standard","meta":[],"categories":[4,7],"tags":[1652,813,105,935,1065,1587],"views":10929,"_links":{"self":[{"href":"https:\/\/carfree.fr\/index.php\/wp-json\/wp\/v2\/posts\/29100"}],"collection":[{"href":"https:\/\/carfree.fr\/index.php\/wp-json\/wp\/v2\/posts"}],"about":[{"href":"https:\/\/carfree.fr\/index.php\/wp-json\/wp\/v2\/types\/post"}],"author":[{"embeddable":true,"href":"https:\/\/carfree.fr\/index.php\/wp-json\/wp\/v2\/users\/1721"}],"replies":[{"embeddable":true,"href":"https:\/\/carfree.fr\/index.php\/wp-json\/wp\/v2\/comments?post=29100"}],"version-history":[{"count":0,"href":"https:\/\/carfree.fr\/index.php\/wp-json\/wp\/v2\/posts\/29100\/revisions"}],"wp:featuredmedia":[{"embeddable":true,"href":"https:\/\/carfree.fr\/index.php\/wp-json\/wp\/v2\/media\/36683"}],"wp:attachment":[{"href":"https:\/\/carfree.fr\/index.php\/wp-json\/wp\/v2\/media?parent=29100"}],"wp:term":[{"taxonomy":"category","embeddable":true,"href":"https:\/\/carfree.fr\/index.php\/wp-json\/wp\/v2\/categories?post=29100"},{"taxonomy":"post_tag","embeddable":true,"href":"https:\/\/carfree.fr\/index.php\/wp-json\/wp\/v2\/tags?post=29100"}],"curies":[{"name":"wp","href":"https:\/\/api.w.org\/{rel}","templated":true}]}}