{"id":29130,"date":"2015-11-11T09:09:11","date_gmt":"2015-11-11T08:09:11","guid":{"rendered":"http:\/\/carfree.fr\/?p=29130"},"modified":"2020-08-17T20:38:53","modified_gmt":"2020-08-17T19:38:53","slug":"elle-construit-son-velo","status":"publish","type":"post","link":"https:\/\/carfree.fr\/index.php\/2015\/11\/11\/elle-construit-son-velo\/","title":{"rendered":"Elle construit (son v\u00e9lo)"},"content":{"rendered":"<p>Bek et Jon Chew, deux utilisateurs du v\u00e9lo, ont r\u00e9alis\u00e9 r\u00e9cemment un court m\u00e9trage, intitul\u00e9 \u00ab\u00a0elle construit\u00a0\u00bb (\u00ab\u00a0she builds\u00a0\u00bb), dans lequel Bek construit son propre v\u00e9lo. C&rsquo;est un tr\u00e8s beau court m\u00e9trage que l&rsquo;on voulait partager avec vous. <!--more--><\/p>\n<p>Selon Bek et Jon, il s&rsquo;agit d&rsquo;apporter une autre image du v\u00e9lo, dont les multiples pr\u00e9sences sur le web, en particulier dans les vid\u00e9os, sont tr\u00e8s masculines. <!--more--><\/p>\n<p>Au passage, cette courte vid\u00e9o de 4 minutes et quelques montre comment on peut construire soi-m\u00eame un v\u00e9lo.<\/p>\n<p><iframe loading=\"lazy\" src=\"https:\/\/player.vimeo.com\/video\/108314908\" width=\"500\" height=\"281\" frameborder=\"0\" allowfullscreen=\"allowfullscreen\"><\/iframe><\/p>\n<p><a href=\"https:\/\/vimeo.com\/108314908\">She Builds<\/a> from <a href=\"https:\/\/vimeo.com\/jonchew\">Jon Chew<\/a> on <a href=\"https:\/\/vimeo.com\">Vimeo<\/a>.<\/p>\n","protected":false},"excerpt":{"rendered":"<p>Bek et Jon Chew, deux utilisateurs du v\u00e9lo, ont r\u00e9alis\u00e9 r\u00e9cemment un court m\u00e9trage, intitul\u00e9 \u00ab\u00a0elle construit\u00a0\u00bb (\u00ab\u00a0she builds\u00a0\u00bb), dans lequel Bek construit son propre v\u00e9lo. C&rsquo;est un tr\u00e8s beau <a class=\"more-link\" href=\"https:\/\/carfree.fr\/index.php\/2015\/11\/11\/elle-construit-son-velo\/\">Lire la suite&#8230;<\/a><\/p>\n","protected":false},"author":37,"featured_media":31732,"comment_status":"open","ping_status":"closed","sticky":false,"template":"","format":"standard","meta":[],"categories":[4,7],"tags":[1652,764,1664,648],"views":10508,"_links":{"self":[{"href":"https:\/\/carfree.fr\/index.php\/wp-json\/wp\/v2\/posts\/29130"}],"collection":[{"href":"https:\/\/carfree.fr\/index.php\/wp-json\/wp\/v2\/posts"}],"about":[{"href":"https:\/\/carfree.fr\/index.php\/wp-json\/wp\/v2\/types\/post"}],"author":[{"embeddable":true,"href":"https:\/\/carfree.fr\/index.php\/wp-json\/wp\/v2\/users\/37"}],"replies":[{"embeddable":true,"href":"https:\/\/carfree.fr\/index.php\/wp-json\/wp\/v2\/comments?post=29130"}],"version-history":[{"count":0,"href":"https:\/\/carfree.fr\/index.php\/wp-json\/wp\/v2\/posts\/29130\/revisions"}],"wp:featuredmedia":[{"embeddable":true,"href":"https:\/\/carfree.fr\/index.php\/wp-json\/wp\/v2\/media\/31732"}],"wp:attachment":[{"href":"https:\/\/carfree.fr\/index.php\/wp-json\/wp\/v2\/media?parent=29130"}],"wp:term":[{"taxonomy":"category","embeddable":true,"href":"https:\/\/carfree.fr\/index.php\/wp-json\/wp\/v2\/categories?post=29130"},{"taxonomy":"post_tag","embeddable":true,"href":"https:\/\/carfree.fr\/index.php\/wp-json\/wp\/v2\/tags?post=29130"}],"curies":[{"name":"wp","href":"https:\/\/api.w.org\/{rel}","templated":true}]}}