{"id":2914,"date":"2009-05-14T05:43:37","date_gmt":"2009-05-14T04:43:37","guid":{"rendered":"http:\/\/carfree.fr\/?p=2914"},"modified":"2020-08-14T13:07:57","modified_gmt":"2020-08-14T12:07:57","slug":"jaime-le-train","status":"publish","type":"post","link":"https:\/\/carfree.fr\/index.php\/2009\/05\/14\/jaime-le-train\/","title":{"rendered":"J&rsquo;aime le train"},"content":{"rendered":"<p>Du 11 au 16 mai 2009, la SNCF ouvre ses coulisses \u00e0 tous et partout. Les cheminots vont vous faire aimer le train et peut-\u00eatre aussi la SNCF\u2026 <!--more--><\/p>\n<p>1 million de visiteurs attendus. La 5e \u00e9dition de l\u2019op\u00e9ration \u201cJ\u2019aime le train\u201d est exceptionnelle. Ni bling bling, ni grand jeu. Toutes les portes qui s\u2019ouvrent et rien que les cheminots pour vous faire partager l\u2019envers d\u2019une entreprise qui fait voyager chaque ann\u00e9e plus d\u20191 milliard de personnes \u00e0 bord de 14 000 trains quotidiens.<\/p>\n<p>Devenez pour un jour le conducteur d\u2019un train lanc\u00e9 \u00e0 320 km\/h, l\u2019aiguilleur riv\u00e9 \u00e0 sa for\u00eat d\u2019\u00e9crans, le technicien les mains dans le cambouis d\u2019un atelier de maintenance, le chef d\u2019escale qui donne le coup d\u2019envoi, le contr\u00f4leur qu\u2019on n\u2019attendait pas, ou le pr\u00e9sident de la SNCF pourquoi pas ?<\/p>\n<p>Rendez-vous pr\u00e8s de chez vous, dans 200 \u00e9tablissements et 50 gares \u00e0 travers la France. Il y a 500 animations \u00e0 vivre et chaque jour a son public vedette.<\/p>\n<p>Lundi 11 mai : un happening au contact des voyageurs dans 22 gares de France&#8230; Mardi 12 : c\u2019est pro. D\u00e9bat ouvert en gare et \u00e0 bord avec les voyageurs \u201caffaires\u201d. Mercredi 13 : jour de fret. Des tonnes de courrier ou de yaourts d\u00e9boulent en gare. Jeudi 14 : jeu d\u2019enfants \u00e0 la d\u00e9couverte des m\u00e9tiers de la SNCF. Vendredi 15 : s\u00e9ance photo. \u00c9lus et chefs de gare posent ensemble et se parlent de train. Alors, vous venez quel jour ?<\/p>\n","protected":false},"excerpt":{"rendered":"<p>Du 11 au 16 mai 2009, la SNCF ouvre ses coulisses \u00e0 tous et partout. Les cheminots vont vous faire aimer le train et peut-\u00eatre aussi la SNCF\u2026<\/p>\n","protected":false},"author":71,"featured_media":37863,"comment_status":"open","ping_status":"open","sticky":false,"template":"","format":"standard","meta":[],"categories":[4,8],"tags":[364,16,120,119,131],"views":4170,"_links":{"self":[{"href":"https:\/\/carfree.fr\/index.php\/wp-json\/wp\/v2\/posts\/2914"}],"collection":[{"href":"https:\/\/carfree.fr\/index.php\/wp-json\/wp\/v2\/posts"}],"about":[{"href":"https:\/\/carfree.fr\/index.php\/wp-json\/wp\/v2\/types\/post"}],"author":[{"embeddable":true,"href":"https:\/\/carfree.fr\/index.php\/wp-json\/wp\/v2\/users\/71"}],"replies":[{"embeddable":true,"href":"https:\/\/carfree.fr\/index.php\/wp-json\/wp\/v2\/comments?post=2914"}],"version-history":[{"count":0,"href":"https:\/\/carfree.fr\/index.php\/wp-json\/wp\/v2\/posts\/2914\/revisions"}],"wp:featuredmedia":[{"embeddable":true,"href":"https:\/\/carfree.fr\/index.php\/wp-json\/wp\/v2\/media\/37863"}],"wp:attachment":[{"href":"https:\/\/carfree.fr\/index.php\/wp-json\/wp\/v2\/media?parent=2914"}],"wp:term":[{"taxonomy":"category","embeddable":true,"href":"https:\/\/carfree.fr\/index.php\/wp-json\/wp\/v2\/categories?post=2914"},{"taxonomy":"post_tag","embeddable":true,"href":"https:\/\/carfree.fr\/index.php\/wp-json\/wp\/v2\/tags?post=2914"}],"curies":[{"name":"wp","href":"https:\/\/api.w.org\/{rel}","templated":true}]}}