{"id":29184,"date":"2015-12-14T09:22:48","date_gmt":"2015-12-14T08:22:48","guid":{"rendered":"http:\/\/carfree.fr\/?p=29184"},"modified":"2021-01-07T16:21:28","modified_gmt":"2021-01-07T15:21:28","slug":"livraisons-a-velo","status":"publish","type":"post","link":"https:\/\/carfree.fr\/index.php\/2015\/12\/14\/livraisons-a-velo\/","title":{"rendered":"Livraisons \u00e0 v\u00e9lo"},"content":{"rendered":"<p>Qui dit livraison de marchandises \u00e0 v\u00e9lo pense imm\u00e9diatement aux limites de la bicyclette par rapport \u00e0 la contenance de camions ou m\u00eame de camionnettes. Or, les mod\u00e8les r\u00e9cents de bicyclettes, type v\u00e9los cargos, peuvent transporter facilement jusqu&rsquo;\u00e0 300 kilogrammes de marchandises, et parfois m\u00eame jusqu&rsquo;\u00e0 500 kilogrammes avec une assistance \u00e9lectrique. <!--more--><\/p>\n<p>Dans les centres villes, particuli\u00e8rement, le dernier kilom\u00e8tre de livraison est source de nombreuses nuisances. Sur ce segment, les marchandises livr\u00e9es font tr\u00e8s souvent<br \/>\nmoins de 500 kilogrammes et sont, de plus, transport\u00e9es dans des v\u00e9hicules motoris\u00e9s surdimensionn\u00e9s, tr\u00e8s souvent \u00e0 moiti\u00e9 vides.<\/p>\n<p>En termes de nuisances, le transport de marchandises en milieu urbain repr\u00e9sente 15% \u00e0 20% des \u00e9missions de Gaz \u00e0 Effet de Serre (GES) contre 30% pour les voyageurs, le reste \u00e9tant imputable \u00e0 d&rsquo;autres secteurs que les transports. En mati\u00e8re d&rsquo;\u00e9missions de polluants, le transport de marchandises est responsable de 30% des \u00e9missions de NOx (oxydes d&rsquo;azotes) et de 20% des \u00e9missions de particules (PM10). C\u2019est donc un secteur important sur lequel il est n\u00e9cessaire d\u2019agir (1).<\/p>\n<p><img decoding=\"async\" loading=\"lazy\" src=\"http:\/\/carfree.fr\/img\/2015\/11\/tnt.jpg\" alt=\"tnt\" width=\"430\" height=\"321\" \/><\/p>\n<p>Selon l&rsquo;association D\u00e9partements et R\u00e9gions Cyclables, 42% des marchandises transport\u00e9es en ville sont en fait des marchandises l\u00e9g\u00e8res qui ne n\u00e9cessitent pas obligatoirement des camions (2). Cela offre un march\u00e9 gigantesque pour le d\u00e9veloppement de la livraison \u00e0 v\u00e9lo.<\/p>\n<p>L\u2019ECF (European Cyclists Federation) a men\u00e9 une \u00e9tude montrant que 25% des marchandises et 50% des marchandises l\u00e9g\u00e8res pourraient d\u00e8s aujourd\u2019hui \u00eatre transport\u00e9es \u00e0 v\u00e9lo en ville. Mieux encore, l\u2019Institut allemand du transport a observ\u00e9 qu\u2019\u00e0 Berlin 85% des livraisons pourraient \u00eatre effectu\u00e9es par v\u00e9los-cargos.<\/p>\n<p><img decoding=\"async\" loading=\"lazy\" src=\"http:\/\/carfree.fr\/img\/2015\/11\/dhl.jpg\" alt=\"dhl\" width=\"431\" height=\"317\" \/><\/p>\n<p>Une autre enqu\u00eate men\u00e9e \u00e0 Breda (Pays-Bas) a fait ressortir que sur les 1.900 camions qui transitent chaque jour dans la ville, moins de 10% des marchandises livr\u00e9es n\u00e9cessitent d\u2019\u00eatre effectivement transport\u00e9es par camion et 40% des livraisons tiennent dans une bo\u00eete.<\/p>\n<p>Aujourd\u2019hui, des entreprises de livraison \u00e0 v\u00e9lo se d\u00e9veloppent un peu partout en Europe. En examinant attentivement le potentiel de la logistique cycliste, il apparait clairement que cette approche devrait se d\u00e9velopper bien au-del\u00e0 d\u2019une simple activit\u00e9 de niche.<\/p>\n<p><img decoding=\"async\" loading=\"lazy\" src=\"http:\/\/carfree.fr\/img\/2015\/11\/ecopostale.jpg\" alt=\"ecopostale\" width=\"428\" height=\"315\" \/><\/p>\n<p>Une \u00e9tude anglaise pour la ville de Londres a pu lister les tr\u00e8s nombreux avantages du d\u00e9veloppement de la livraison de marchandises \u00e0 v\u00e9lo (3):<\/p>\n<ul>\n<li>Des co\u00fbts moins \u00e9lev\u00e9s qu&rsquo;avec un v\u00e9hicule motoris\u00e9 : un prix d&rsquo;achat inf\u00e9rieur, des co\u00fbts de gestion moins importants (taxes, assurances, essence, entreposage) et pas de co\u00fbts de parking. GobaX, un fabricant allemand de v\u00e9los cargos, a m\u00eame pu calculer qu&rsquo;une pizzeria pourrait \u00e9conomiser 6.300 euros chaque ann\u00e9e en choisissant de livrer ses pizzas \u00e0 v\u00e9lo plut\u00f4t qu&rsquo;en voiture. Le projet europ\u00e9en CycleLogistics a \u00e9galement produit une analyse \u00e9conomique similaire en faveur des v\u00e9los cargos.<\/li>\n<li>Des livraisons rapides, m\u00eame en cas de congestion : les bicyclettes sont beaucoup<br \/>\nmoins concern\u00e9es par les difficult\u00e9s du trafic automobile que les camions et camionnettes et sont par cons\u00e9quent plus rapides et plus fiables.<\/li>\n<li>Les v\u00e9los sont autoris\u00e9s m\u00eame dans les zones sans voitures : des ruelles \u00e9troites, des rues pi\u00e9tonnes ou interdites d&rsquo;acc\u00e8s pendant la journ\u00e9e ? Aucun probl\u00e8me pour les v\u00e9los cargos qui peuvent venir livrer au plus pr\u00e8s du destinataire final.<\/li>\n<li>\n<p>Un moindre impact environnemental : via notamment la r\u00e9duction des \u00e9missions de polluants et des \u00e9missions de CO2. L&rsquo;Universit\u00e9 de Westminster a calcul\u00e9 une r\u00e9duction potentielle de 62% de ces derni\u00e8res dans le centre de Londres.<\/p>\n<\/li>\n<li>\n<p>Une image \u00e9cologique : c&rsquo;est un atout important, particuli\u00e8rement aupr\u00e8s de consommateurs de plus en plus exigeants en mati\u00e8re d&rsquo;environnement.<\/p>\n<\/li>\n<li>\n<p>Un facteur de coh\u00e9sion sociale : aucun permis de conduire n&rsquo;est requis pour conduire un v\u00e9lo! La livraison \u00e0 v\u00e9lo peut cr\u00e9er des dizaines de milliers d&#8217;emplois en Europe, en particulier \u00e0 destination de personnes peu ou pas dipl\u00f4m\u00e9es, tr\u00e8s souvent exclues quand elles ne poss\u00e8dent pas le permis de conduire.<\/p>\n<\/li>\n<li>\n<p>Une meilleure qualit\u00e9 de vie : la livraison \u00e0 v\u00e9lo ne provoque pas de pollution sonore, est moins dangereuse pour les citadins que la multiplication des camions ou camionnettes, et fournit enfin plus d&rsquo;espace pour permettre \u00e0 tout le monde de circuler.<\/p>\n<\/li>\n<\/ul>\n<p><img decoding=\"async\" loading=\"lazy\" src=\"http:\/\/carfree.fr\/img\/2015\/12\/velo.jpg\" alt=\"velo\" width=\"600\" height=\"451\" class=\"alignnone size-full wp-image-29291\" \/><\/p>\n<p>Au vu de tous les avantages procur\u00e9s par la livraison des marchandises \u00e0 v\u00e9lo, on est donc en droit de s&rsquo;interroger sur leur encore trop faible d\u00e9veloppement en France et en Europe.<\/p>\n<p>En fait, il n&rsquo;y a pas de secrets. Les pays les plus en avance, comme les Pays-Bas ou le Danemark par exemple, sont ceux qui ont tr\u00e8s t\u00f4t fait le choix politique de cr\u00e9er une vaste infrastructure cyclable.<\/p>\n<p>C&rsquo;est pourquoi, c&rsquo;est bien la mise en place d&rsquo;une politique cyclable volontariste qui appara\u00eet comme le pr\u00e9alable n\u00e9cessaire \u00e0 la g\u00e9n\u00e9ralisation de la pratique v\u00e9lo comme mode de d\u00e9placement, puis comme facteur de d\u00e9veloppement de multiples activit\u00e9s de livraisons \u00e0 v\u00e9lo.<\/p>\n<p>L&rsquo;infrastructure cyclable sert autant aux cyclistes quotidiens qu&rsquo;aux professionnels (coursiers \u00e0 v\u00e9lo, livreurs \u00e0 v\u00e9lo).<\/p>\n<p>Le d\u00e9veloppement des am\u00e9nagements cyclables participe donc directement \u00e0 la cr\u00e9ation d&#8217;emplois dans le secteur de la logistique v\u00e9lo.<\/p>\n<p>L&rsquo;exemple fran\u00e7ais illustre tout \u00e0 fait ce constat. Ainsi, l&rsquo;entreprise de livraison \u00e0 v\u00e9lo La Petite Reine fait \u00e0 la fois figure de pr\u00e9curseur et de leader. C&rsquo;est de loin le plus grand projet de livraison \u00e0 v\u00e9lo en Europe. L&rsquo;op\u00e9ration a commenc\u00e9 \u00e0 Paris en 2001 avec un chiffre d&rsquo;affaires de seulement 28.000 euros. L&rsquo;entreprise a b\u00e9n\u00e9fici\u00e9 d&rsquo;aides publiques au d\u00e9part et d\u00e8s 2007, elle op\u00e9rait d\u00e9j\u00e0 dans quatre villes (Paris, Bordeaux, Dijon et Rouen), avec 50 salari\u00e9s, 53 v\u00e9los et un chiffre d&rsquo;affaires de 1,3 million d&rsquo;euros. Selon leurs propres calculs, ils transportaient en 2007 700.000 paquets par an, chiffre qui d\u00e9passe aujourd&rsquo;hui le million de paquets par an. D\u00e9sormais, ils utilisent environ 60 v\u00e9los de fret dans toute la France, \u00e0 Lyon, Bordeaux, Rouen et m\u00eame \u00e0 Gen\u00e8ve en Suisse.<\/p>\n<p>En fait, leur d\u00e9veloppement semble avoir suivi la prise en compte du v\u00e9lo comme mode de d\u00e9placement, \u00e0 Paris et dans les villes de province.<\/p>\n<p>De nombreuses possibilit\u00e9s d&rsquo;utilisation des v\u00e9los pour le fret font aujourd&rsquo;hui leur apparition, en particulier dans les centres urbains congestionn\u00e9s par la voiture, o\u00f9 le stationnement est cher et les temps de trajet en transports motoris\u00e9s sont lents. L&rsquo;argument le plus puissant pour l&rsquo;utilisation des v\u00e9los pour la livraison de marchandises pour la majorit\u00e9 des entreprises est la baisse du co\u00fbt par rapport au transport motoris\u00e9.<\/p>\n<p>Le potentiel de l&rsquo;utilisation du v\u00e9lo pour le fret et le transport de marchandises semble donc immense. Selon l&rsquo;\u00e9tude londonienne d\u00e9j\u00e0 cit\u00e9e, on estime que la moiti\u00e9 de toutes les marchandises l\u00e9g\u00e8res transport\u00e9es, et un quart de toutes les marchandises pourrait \u00eatre transport\u00e9 par le v\u00e9lo en milieu urbain.<\/p>\n<p>Bien mieux, si on observe le taux de motorisation \u00e0 l&rsquo;\u00e9chelle europ\u00e9enne selon le motif de d\u00e9placement (\u00e0 partir de la base de donn\u00e9es TEMS sur 322 villes europ\u00e9ennes), on constate l&rsquo;\u00e9crasante domination du transport motoris\u00e9 pour ce qui concerne le transport de marchandises.<\/p>\n<p>Alors que les modes de d\u00e9placements alternatifs \u00e0 l&rsquo;automobile peuvent \u00eatre assez importants pour tous les motifs de d\u00e9placement, seul le transport de fret et de marchandises reste pour l&rsquo;instant \u00e0 l&rsquo;\u00e9cart du ph\u00e9nom\u00e8ne.<\/p>\n<p><img decoding=\"async\" loading=\"lazy\" src=\"http:\/\/carfree.fr\/img\/2015\/11\/graph.jpg\" alt=\"graph\" width=\"450\" height=\"237\" \/><\/p>\n<p>Le graphique situ\u00e9 ci-dessus montre ainsi les possibilit\u00e9s immenses du v\u00e9lo pour la livraison de marchandises. Environ 99% des marchandises transport\u00e9es en ville par des professionnels le sont encore par des v\u00e9hicules motoris\u00e9s.<\/p>\n<p>Alors que le v\u00e9lo conna\u00eet un d\u00e9veloppement important depuis maintenant quelques ann\u00e9es, le fret et le transport de marchandises demeurent encore \u00e0 l&rsquo;\u00e9cart du ph\u00e9nom\u00e8ne, laissant entrevoir des possibilit\u00e9s immenses de d\u00e9veloppement.<\/p>\n<p>Or, le futur risque de ne pas \u00eatre tr\u00e8s amical pour les camions et les camionnettes de livraison en ville. La tendance actuelle fait que les centre-villes du futur seront soit interdits aux v\u00e9hicules motoris\u00e9s ou en tout cas aux v\u00e9hicules de livraison motoris\u00e9s, soit le co\u00fbt de ces livraisons motoris\u00e9es deviendra exorbitant, avec le prix de l&rsquo;essence en hausse, le stationnement, les taxes environnementales, etc.<\/p>\n<p>Par ailleurs, les camions ont de moins en moins la cote aupr\u00e8s des politiciens et des d\u00e9cideurs. Outre la congestion, la pollution et l&rsquo;usure des routes, ils tuent des gens et les cyclistes en particulier.<\/p>\n<p>Dans le m\u00eame temps, les modes motoris\u00e9s vont \u00eatre de plus en plus en concurrence, \u00e0 la fois entre eux et avec les cyclistes, pour ce qui concerne la r\u00e9partition d&rsquo;un espace public de plus en plus convoit\u00e9.<\/p>\n<p>Pr\u00e8s de 70 villes en Europe ont sign\u00e9 la Charte de Bruxelles, appelant \u00e0 une augmentation de la part modale du v\u00e9lo \u00e0 15% \u00e0 travers l&rsquo;Europe (4).<\/p>\n<p>Cela se traduira par plus de 70 millions de cyclistes sur les routes de l&rsquo;Union Europ\u00e9enne, ayant plus que jamais besoin d&rsquo;infrastructures cyclables de qualit\u00e9 qu&rsquo;il faudra bien prendre sur l&rsquo;espace jusqu&rsquo;ici r\u00e9serv\u00e9 aux modes motoris\u00e9s.<\/p>\n<p>La logistique du v\u00e9lo a donc l&rsquo;avenir devant elle. Mais il faut commencer \u00e0 prendre sa place d\u00e8s maintenant.<\/p>\n<p><a title=\"http:\/\/www.blurb.fr\/b\/4952538-velogistique\" href=\"https:\/\/www.blurb.fr\/b\/4952538-v-logistique\" target=\"_blank\"><img decoding=\"async\" loading=\"lazy\" class=\"alignright\" title=\"livre-v\u00e9logistique\" src=\"http:\/\/carfree.fr\/velogistique.jpg\" alt=\"livre-v\u00e9logistique\" width=\"240\" height=\"103\" align=\"right\" \/><\/a><\/p>\n<p><strong>V\u00e9logistique<\/strong><br \/>\nMarcel Robert<br \/>\nCarfree France Editions, 2013<br \/>\n400 photos, 166 pages, 100 villes, 5 continents<\/p>\n<p><a title=\"http:\/\/www.blurb.fr\/b\/4952538-velogistique\" href=\"https:\/\/www.blurb.fr\/b\/4952538-v-logistique\" target=\"_blank\"><span style=\"font-weight: bold;\">&gt;&gt; Acc\u00e9der \u00e0 la page du livre<\/span><\/a><\/p>\n<p><strong>Notes<\/strong><\/p>\n<p>(1) TRANS FLASH, Bulletin d\u2019information des d\u00e9placements urbains d\u00e9partementaux et r\u00e9gionaux, n\u00b0386, novembre 2013.<br \/>\n(2) departements-cyclables.org<br \/>\n(3) Cycle freight in London: A scoping study, mai 2009.<br \/>\n(4) http:\/\/www.ecf.com\/manifesto\/charter-of-brussels\/<\/p>\n","protected":false},"excerpt":{"rendered":"<p>Qui dit livraison de marchandises \u00e0 v\u00e9lo pense imm\u00e9diatement aux limites de la bicyclette par rapport \u00e0 la contenance de camions ou m\u00eame de camionnettes. Or, les mod\u00e8les r\u00e9cents de <a class=\"more-link\" href=\"https:\/\/carfree.fr\/index.php\/2015\/12\/14\/livraisons-a-velo\/\">Lire la suite&#8230;<\/a><\/p>\n","protected":false},"author":18,"featured_media":31195,"comment_status":"open","ping_status":"closed","sticky":false,"template":"","format":"standard","meta":[],"categories":[4,7],"tags":[1709,725,169,719,105,164,1664,1065,1587],"views":13989,"_links":{"self":[{"href":"https:\/\/carfree.fr\/index.php\/wp-json\/wp\/v2\/posts\/29184"}],"collection":[{"href":"https:\/\/carfree.fr\/index.php\/wp-json\/wp\/v2\/posts"}],"about":[{"href":"https:\/\/carfree.fr\/index.php\/wp-json\/wp\/v2\/types\/post"}],"author":[{"embeddable":true,"href":"https:\/\/carfree.fr\/index.php\/wp-json\/wp\/v2\/users\/18"}],"replies":[{"embeddable":true,"href":"https:\/\/carfree.fr\/index.php\/wp-json\/wp\/v2\/comments?post=29184"}],"version-history":[{"count":0,"href":"https:\/\/carfree.fr\/index.php\/wp-json\/wp\/v2\/posts\/29184\/revisions"}],"wp:featuredmedia":[{"embeddable":true,"href":"https:\/\/carfree.fr\/index.php\/wp-json\/wp\/v2\/media\/31195"}],"wp:attachment":[{"href":"https:\/\/carfree.fr\/index.php\/wp-json\/wp\/v2\/media?parent=29184"}],"wp:term":[{"taxonomy":"category","embeddable":true,"href":"https:\/\/carfree.fr\/index.php\/wp-json\/wp\/v2\/categories?post=29184"},{"taxonomy":"post_tag","embeddable":true,"href":"https:\/\/carfree.fr\/index.php\/wp-json\/wp\/v2\/tags?post=29184"}],"curies":[{"name":"wp","href":"https:\/\/api.w.org\/{rel}","templated":true}]}}