{"id":29195,"date":"2015-11-23T09:40:56","date_gmt":"2015-11-23T08:40:56","guid":{"rendered":"http:\/\/carfree.fr\/?p=29195"},"modified":"2021-01-07T16:31:30","modified_gmt":"2021-01-07T15:31:30","slug":"des-velos-cargos-en-libre-service","status":"publish","type":"post","link":"https:\/\/carfree.fr\/index.php\/2015\/11\/23\/des-velos-cargos-en-libre-service\/","title":{"rendered":"Des v\u00e9los-cargos en libre-service"},"content":{"rendered":"<p>C\u2019est une premi\u00e8re dans le domaine des v\u00e9los partag\u00e9s et \u00e7a se passe en Autriche: depuis d\u00e9but octobre, les habitants et visiteurs d\u2019Aspern, un quartier en p\u00e9riph\u00e9rie viennoise, ont la possibilit\u00e9 d\u2019emprunter des v\u00e9los-cargos en libre-service. <!--more--><\/p>\n<p>\u00c9quip\u00e9s d\u2019un caisson en bois, ces v\u00e9los-cargos s\u2019av\u00e8rent tout aussi adapt\u00e9s pour v\u00e9hiculer des enfants que pour transporter des courses. Le mod\u00e8le est maniable et facile \u00e0 d\u00e9placer: id\u00e9al pour des personnes qui ne sont pas familiaris\u00e9es avec ce genre d\u2019engin ! Aspern compl\u00e8te ainsi une offre diversifi\u00e9e de v\u00e9los en libre-service, puisque la flotte s\u2019\u00e9tait d\u00e9j\u00e0 \u00e9toff\u00e9e cet \u00e9t\u00e9 de 25 v\u00e9los \u00e0 assistance \u00e9lectrique.<\/p>\n<p>Les quatre v\u00e9los en libre-service peuvent \u00eatre emprunt\u00e9s au d\u00e9part d\u2019une des six stations du quartier, \u00e0 l\u2019aide d\u2019une carte qui int\u00e9grera prochainement l\u2019int\u00e9gralit\u00e9 de l\u2019offre en mobilit\u00e9 d\u2019Aspern. Afin de faire la promotion du syst\u00e8me, un test gratuit de ces v\u00e9los-cargos est propos\u00e9 jusque la fin de l\u2019ann\u00e9e. Le syst\u00e8me sera ensuite tarif\u00e9 de mani\u00e8re classique, la premi\u00e8re demi-heure d\u2019utilisation \u00e9tant gratuite.<\/p>\n<p>Ce projet, tout comme les autres projets de mobilit\u00e9 active \u00e0 Aspern, a \u00e9t\u00e9 financ\u00e9 par un fonds sp\u00e9cifique aliment\u00e9 gr\u00e2ce \u00e0 une taxe sur la construction et l\u2019exploitation de garages.<\/p>\n<p>Florine Cuignet<br \/>\n<a href=\"https:\/\/www.gracq.org\/\" target=\"_blank\">http:\/\/www.gracq.org\/<\/a><\/p>\n","protected":false},"excerpt":{"rendered":"<p>C\u2019est une premi\u00e8re dans le domaine des v\u00e9los partag\u00e9s et \u00e7a se passe en Autriche: depuis d\u00e9but octobre, les habitants et visiteurs d\u2019Aspern, un quartier en p\u00e9riph\u00e9rie viennoise, ont la <a class=\"more-link\" href=\"https:\/\/carfree.fr\/index.php\/2015\/11\/23\/des-velos-cargos-en-libre-service\/\">Lire la suite&#8230;<\/a><\/p>\n","protected":false},"author":457,"featured_media":31597,"comment_status":"open","ping_status":"closed","sticky":false,"template":"","format":"standard","meta":[],"categories":[4,7],"tags":[1652,827,171,1664,1065,1587,619],"views":7982,"_links":{"self":[{"href":"https:\/\/carfree.fr\/index.php\/wp-json\/wp\/v2\/posts\/29195"}],"collection":[{"href":"https:\/\/carfree.fr\/index.php\/wp-json\/wp\/v2\/posts"}],"about":[{"href":"https:\/\/carfree.fr\/index.php\/wp-json\/wp\/v2\/types\/post"}],"author":[{"embeddable":true,"href":"https:\/\/carfree.fr\/index.php\/wp-json\/wp\/v2\/users\/457"}],"replies":[{"embeddable":true,"href":"https:\/\/carfree.fr\/index.php\/wp-json\/wp\/v2\/comments?post=29195"}],"version-history":[{"count":0,"href":"https:\/\/carfree.fr\/index.php\/wp-json\/wp\/v2\/posts\/29195\/revisions"}],"wp:featuredmedia":[{"embeddable":true,"href":"https:\/\/carfree.fr\/index.php\/wp-json\/wp\/v2\/media\/31597"}],"wp:attachment":[{"href":"https:\/\/carfree.fr\/index.php\/wp-json\/wp\/v2\/media?parent=29195"}],"wp:term":[{"taxonomy":"category","embeddable":true,"href":"https:\/\/carfree.fr\/index.php\/wp-json\/wp\/v2\/categories?post=29195"},{"taxonomy":"post_tag","embeddable":true,"href":"https:\/\/carfree.fr\/index.php\/wp-json\/wp\/v2\/tags?post=29195"}],"curies":[{"name":"wp","href":"https:\/\/api.w.org\/{rel}","templated":true}]}}