{"id":29242,"date":"2015-12-01T07:39:24","date_gmt":"2015-12-01T06:39:24","guid":{"rendered":"http:\/\/carfree.fr\/?p=29242"},"modified":"2022-05-11T11:05:01","modified_gmt":"2022-05-11T10:05:01","slug":"un-detournement-massif-de-la-publicite-dans-paris-denonce-la-mainmise-des-multinationales-sur-la-cop-21","status":"publish","type":"post","link":"https:\/\/carfree.fr\/index.php\/2015\/12\/01\/un-detournement-massif-de-la-publicite-dans-paris-denonce-la-mainmise-des-multinationales-sur-la-cop-21\/","title":{"rendered":"Un d\u00e9tournement massif de la publicit\u00e9 dans Paris d\u00e9nonce la mainmise des multinationales sur la COP 21"},"content":{"rendered":"<p>Plus de 600 \u0153uvres d&rsquo;art d\u00e9non\u00e7ant la mainmise des multinationales sur les n\u00e9gociations climatiques durant la COP 21, ont \u00e9t\u00e9 install\u00e9es dans des espaces publicitaires parisiens, en amont du Sommet des Nations Unies qui d\u00e9marre ce lundi. <!--more--><\/p>\n<p>Malgr\u00e9 l&rsquo;\u00e9tat d&rsquo;urgence interdisant tout rassemblement, suite aux attentats du 13 novembre \u00e0 Paris, le projet Brandalism (n\u00e9ologisme n\u00e9 de la fusion entre \u00ab Brand \u00bb  (\u00ab marque \u00bb en fran\u00e7ais) et \u00ab vandalisme \u00bb), men\u00e9 avec des activistes parisiens, a permis de placer dans toute la ville des centaines d&rsquo;\u0153uvres d&rsquo;art non autoris\u00e9es. Ces affiches soulignent les liens entre la publicit\u00e9, le consum\u00e9risme, la d\u00e9pendance aux \u00e9nergies fossiles et le changement climatique.<\/p>\n<p>Les \u0153uvres d&rsquo;art ont \u00e9t\u00e9 plac\u00e9es dans des espaces publicitaires appartenant \u00e0 JCDecaux &#8211; une des plus grandes entreprises de publicit\u00e9 en ext\u00e9rieur et sponsor officiel des n\u00e9gociations de la COP 21.<\/p>\n<p>D&rsquo;autres \u00e9minents sponsors des n\u00e9gociations climatiques tels qu&rsquo;Air France, Engie (ex-GDF Suez) et Dow Chemicals sont parodi\u00e9s dans les affiches, ainsi que des chefs d&rsquo;Etat tels que Fran\u00e7ois Hollande, David Cameron, Barack Obama, Angela Merkel et Shinzo Abi.<\/p>\n<p>Les \u0153uvres d&rsquo;art ont \u00e9t\u00e9 r\u00e9alis\u00e9es par 80 artistes renomm\u00e9s, originaires de 19 pays \u00e0 travers le monde. On retrouve notamment les parisiens Alex One, Arnaud Liard, Millo and ZAD, Eube, Automedia, AntiCOP21.org, Anti ainsi que d&rsquo;autres artistes de renomm\u00e9e internationale tels que Neta Harari, Jimmy Cauty, Paul Insect (collaborateur de Banksy), Escif ou Kennard Phillips &#8211; nombre d&rsquo;entre eux ayant \u00e9t\u00e9 repr\u00e9sent\u00e9s \u00e0 Dismaland, l&rsquo;exposition de Banksy en Angleterre cet \u00e9t\u00e9. <\/p>\n<p>Joe Elan de Brandalism explique : \u00ab En sponsorisant les n\u00e9gociations climatiques, des pollueurs importants tels qu&rsquo;Air France et Engie peuvent faire leur promotion comme s&rsquo;ils faisaient partie de la solution, alors qu&rsquo;ils font en fait partie du probl\u00e8me \u00bb.<\/p>\n<p>Un des artistes ayant pris part au projet d\u00e9clare : \u00ab Nous reprenons possession des espaces publicitaires car nous voulons d\u00e9noncer le r\u00f4le que la publicit\u00e9 joue en faisant la promotion d&rsquo;un consum\u00e9risme insoutenable. L&rsquo;industrie publicitaire nourrit nos d\u00e9sirs pour des produits qui reposent sur l&rsquo;exploitation des \u00e9nergies fossiles et qui ont un impact direct sur le changement climatique. De m\u00eame que pour les n\u00e9gociations climatiques et les \u00e9v\u00e8nements parall\u00e8les sponsoris\u00e9s par les grandes entreprises, la publicit\u00e9 en ext\u00e9rieur permet aux plus riches de s&rsquo;assurer que leur voix soit entendue au-del\u00e0 de toutes les autres \u00bb. Les \u0153uvres d&rsquo;arts ont \u00e9t\u00e9 install\u00e9es durant le \u00ab Vendredi noir \u00bb (\u00ab Black Friday \u00bb), le jour annuel de fr\u00e9n\u00e9sie consum\u00e9riste.<\/p>\n<p>D&rsquo;autres affichent appellent les gens \u00e0 prendre la rue dans le cadre des \u00ab Climate Games \u00bb, le plus grand jeu mondial de d\u00e9sob\u00e9issance civile, et \u00e0 d\u00e9noncer la conf\u00e9rence \u00ab Solutions 21 \u00bb &#8211; une exposition des grandes entreprises qui se tient au Grand Palais durant les n\u00e9gociations climatiques.<\/p>\n<p>Bill Posters de Brandalism indique : \u00ab Suite aux \u00e9v\u00e8nements tragiques du 13 novembre \u00e0 Paris, le gouvernement a choisi d&rsquo;interdire les mobilisations de la soci\u00e9t\u00e9 civile, mais les \u00e9v\u00e8nements des grandes entreprises sont maintenus \u00bb. Les multinationales responsables du changement climatique peuvent continuer \u00e0 faire du \u00ab greenwashing \u00bb autour de leur mod\u00e8le \u00e9conomique destructeur, mais les communaut\u00e9s directement impact\u00e9es par leurs activit\u00e9s sont r\u00e9duites au silence. Il est maintenant plus important que jamais de d\u00e9noncer leurs mensonges et de mettre en lumi\u00e8re les enjeux de pouvoir derri\u00e8re les n\u00e9gociations.<\/p>\n<p>Nous appelons \u00e0 prendre la rue durant la COP 21 et \u00e0 s&rsquo;opposer \u00e0 l&rsquo;industrie des \u00e9nergies fossiles. Nous ne pouvons pas laisser les n\u00e9gociations climatiques entre les seules mains des politiciens et des lobbyistes des grandes entreprises, qui sont les premiers responsables du d\u00e9sordre actuel.<\/p>\n<p><img decoding=\"async\" loading=\"lazy\" src=\"http:\/\/carfree.fr\/img\/2015\/11\/brandalisme.jpg\" alt=\"brandalisme\" width=\"600\" height=\"400\" class=\"alignnone size-full wp-image-29246\" \/><\/p>\n<p><a href=\"http:\/\/www.brandalism.org.uk\/\" target=\"_blank\">http:\/\/www.brandalism.org.uk\/<\/a><\/p>\n","protected":false},"excerpt":{"rendered":"<p>Plus de 600 \u0153uvres d&rsquo;art d\u00e9non\u00e7ant la mainmise des multinationales sur les n\u00e9gociations climatiques durant la COP 21, ont \u00e9t\u00e9 install\u00e9es dans des espaces publicitaires parisiens, en amont du Sommet <a class=\"more-link\" href=\"https:\/\/carfree.fr\/index.php\/2015\/12\/01\/un-detournement-massif-de-la-publicite-dans-paris-denonce-la-mainmise-des-multinationales-sur-la-cop-21\/\">Lire la suite&#8230;<\/a><\/p>\n","protected":false},"author":211,"featured_media":31580,"comment_status":"open","ping_status":"closed","sticky":false,"template":"","format":"standard","meta":[],"categories":[52,73,1037,124],"tags":[1652,57,1646,351,81,106,86],"views":8997,"_links":{"self":[{"href":"https:\/\/carfree.fr\/index.php\/wp-json\/wp\/v2\/posts\/29242"}],"collection":[{"href":"https:\/\/carfree.fr\/index.php\/wp-json\/wp\/v2\/posts"}],"about":[{"href":"https:\/\/carfree.fr\/index.php\/wp-json\/wp\/v2\/types\/post"}],"author":[{"embeddable":true,"href":"https:\/\/carfree.fr\/index.php\/wp-json\/wp\/v2\/users\/211"}],"replies":[{"embeddable":true,"href":"https:\/\/carfree.fr\/index.php\/wp-json\/wp\/v2\/comments?post=29242"}],"version-history":[{"count":0,"href":"https:\/\/carfree.fr\/index.php\/wp-json\/wp\/v2\/posts\/29242\/revisions"}],"wp:featuredmedia":[{"embeddable":true,"href":"https:\/\/carfree.fr\/index.php\/wp-json\/wp\/v2\/media\/31580"}],"wp:attachment":[{"href":"https:\/\/carfree.fr\/index.php\/wp-json\/wp\/v2\/media?parent=29242"}],"wp:term":[{"taxonomy":"category","embeddable":true,"href":"https:\/\/carfree.fr\/index.php\/wp-json\/wp\/v2\/categories?post=29242"},{"taxonomy":"post_tag","embeddable":true,"href":"https:\/\/carfree.fr\/index.php\/wp-json\/wp\/v2\/tags?post=29242"}],"curies":[{"name":"wp","href":"https:\/\/api.w.org\/{rel}","templated":true}]}}