{"id":29252,"date":"2015-12-02T09:46:58","date_gmt":"2015-12-02T08:46:58","guid":{"rendered":"http:\/\/carfree.fr\/?p=29252"},"modified":"2021-01-07T16:29:48","modified_gmt":"2021-01-07T15:29:48","slug":"ils-ont-acheve-lindemnite-kilometrique-velo-pendant-la-cop21","status":"publish","type":"post","link":"https:\/\/carfree.fr\/index.php\/2015\/12\/02\/ils-ont-acheve-lindemnite-kilometrique-velo-pendant-la-cop21\/","title":{"rendered":"Ils ont achev\u00e9 l&rsquo;indemnit\u00e9 kilom\u00e9trique v\u00e9lo pendant la COP21"},"content":{"rendered":"<p>C&rsquo;est une bien triste nouvelle, \u00f4 combien r\u00e9v\u00e9latrice au moment de la COP21, l&rsquo;Indemnit\u00e9 Kilom\u00e9trique V\u00e9lo (IKV) vient d&rsquo;\u00eatre vid\u00e9e de sa substance par le gouvernement. <!--more--><\/p>\n<p>Pour m\u00e9moire, l&rsquo;IKV consacrait l&rsquo;id\u00e9e de verser une indemnit\u00e9 kilom\u00e9trique pour tous les salari\u00e9s qui se rendent \u00e0 leur travail \u00e0 v\u00e9lo. Issue de la loi sur la transition \u00e9nerg\u00e9tique vot\u00e9e \u00e0 l\u2019Assembl\u00e9e nationale le 14 octobre 2014, cette indemnit\u00e9 se proposait de donner un petit coup de pouce aux cyclistes urbains alors que les d\u00e9placements domicile-travail en voiture et en transports en commun sont d\u00e9j\u00e0 largement subventionn\u00e9s par l&rsquo;Etat (d\u00e9duction fiscale) ou par les employeurs (remboursement de 50% des abonnements de transports en commun).<\/p>\n<p>Cette indemnit\u00e9 \u00e9tait d\u00e9j\u00e0 <a href=\"http:\/\/carfree.fr\/index.php\/2015\/09\/16\/vers-une-indemnite-kilometrique-velo-au-rabais\/\" target=\"_blank\" rel=\"noopener\">contest\u00e9e par S\u00e9gol\u00e8ne Royal<\/a>, soi-disant ministre de l&rsquo;\u00e9cologie, qui pr\u00e9f\u00e8re accorder des primes aux acheteurs de voitures \u00e9lectriques.<\/p>\n<p>Un <a href=\"http:\/\/www.assemblee-nationale.fr\/14\/amendements\/3217\/AN\/674.asp\" target=\"_blank\" rel=\"noopener\">amendement gouvernemental<\/a> au projet de loi de finances 2015 d\u00e9pos\u00e9 le 27 novembre 2015 et discut\u00e9 le 30 novembre \u00e0 l&rsquo;Assembl\u00e9e Nationale vient de vider de sa substance ce qui constituait la force initiale de l&rsquo;indemnit\u00e9 kilom\u00e9trique v\u00e9lo, \u00e0 savoir son caract\u00e8re obligatoire.<\/p>\n<p>D\u00e9sormais, le versement de l&rsquo;indemnit\u00e9 sera \u00e0 la discr\u00e9tion des employeurs, autant dire que cela va rester anecdotique. Pour les salari\u00e9s de la fonction publique, on se doute bien qu&rsquo;ils ne sont pas pr\u00eats de pouvoir b\u00e9n\u00e9ficier de l&rsquo;indemnit\u00e9&#8230;<\/p>\n<p>Et comme si cela n&rsquo;\u00e9tait pas suffisant, l&rsquo;amendement pr\u00e9voit de plafonner l&rsquo;indemnit\u00e9 \u00e0 200 \u20ac par an et par salari\u00e9.<\/p>\n<p>Aujourd&rsquo;hui, on peut donc dire que le projet d&rsquo;indemnit\u00e9 kilom\u00e9trique v\u00e9lo est un \u00e9chec. En partant d&rsquo;une id\u00e9e int\u00e9ressante appliqu\u00e9e d\u00e9j\u00e0 dans plusieurs pays europ\u00e9ens, on arrive \u00e0 une non-mesure. Le gouvernement Valls et S\u00e9gol\u00e8ne Royal en particulier en portent la responsabilit\u00e9.<\/p>\n<p>La France parade \u00e0 l&rsquo;\u00e9chelle mondiale durant la COP 21 pour \u00ab\u00a0d\u00e9fendre le climat\u00a0\u00bb. Dans les coulisses, on ach\u00e8ve une mesure simple et peu co\u00fbteuse qui allait compl\u00e9tement dans le sens de la \u00ab\u00a0d\u00e9fense du climat\u00a0\u00bb.<\/p>\n<p>Maintenant, il faut \u00e9galement dire les choses. Carfree France avait lanc\u00e9 une <a href=\"https:\/\/secure.avaaz.org\/fr\/petition\/Francois_Hollande_Nous_voulons_une_indemnite_kilometrique_velo_de_025_eurokm\/?fpla\" target=\"_blank\" rel=\"noopener\">p\u00e9tition nationale<\/a> pour obtenir une indemnit\u00e9 kilom\u00e9trique v\u00e9lo obligatoire pour tous les employeurs (y compris l&rsquo;Etat). Avec nos faibles moyens, nous avons obtenu pr\u00e8s de 10.000 signatures, ce qui constitue un beau r\u00e9sultat en soi, mais qui n&rsquo;\u00e9tait sans doute pas assez pour inverser les choses et faire r\u00e9ellement pression sur les politiques.<\/p>\n<p>Nous avons essay\u00e9 d&rsquo;associer \u00e0 deux reprises la FUB (F\u00e9d\u00e9ration des Usagers de la Bicyclette) \u00e0 cette p\u00e9tition sans grand r\u00e9sultat. On peut voir <a href=\"https:\/\/www.fub.fr\/\" target=\"_blank\" rel=\"noopener\">sur leur site<\/a> qu&rsquo;ils communiquent r\u00e9cemment sur le sujet de l&rsquo;indemnit\u00e9 kilom\u00e9trique sans jamais parler de la p\u00e9tition. A vrai dire leur position est \u00e9trange, ils semblent favorables \u00e0 une telle indemnit\u00e9, apparemment ils ont m\u00eame communiqu\u00e9 l&rsquo;info de la p\u00e9tition \u00e0 leurs associations locales (en interne), mais n&rsquo;en parlent pas dans leur communication \u00e0 destination du grand public.<\/p>\n<p>Dans le m\u00eame ordre d&rsquo;id\u00e9es, les <a href=\"http:\/\/www.departements-regions-cyclables.org\/\" target=\"_blank\" rel=\"noopener\">D\u00e9partements et R\u00e9gions Cyclables<\/a> n&rsquo;ont pas relay\u00e9 non plus semble-t-il la p\u00e9tition.<\/p>\n<p>C&rsquo;est quand m\u00eame un comble, les associations cens\u00e9es \u00eatre les plus en pointe pour d\u00e9fendre les int\u00e9r\u00eats et les droits des cyclistes urbains ne se sont pas empar\u00e9es d&rsquo;une p\u00e9tition de pr\u00e8s de 10.000 signatures pour lui donner un v\u00e9ritable coup d&rsquo;acc\u00e9l\u00e9rateur.<\/p>\n<p>Maintenant, vous\u00a0 pouvez fermer votre navigateur et aller acheter une voiture \u00e9lectrique.<\/p>\n","protected":false},"excerpt":{"rendered":"<p>C&rsquo;est une bien triste nouvelle, \u00f4 combien r\u00e9v\u00e9latrice au moment de la COP21, l&rsquo;Indemnit\u00e9 Kilom\u00e9trique V\u00e9lo (IKV) vient d&rsquo;\u00eatre vid\u00e9e de sa substance par le gouvernement.<\/p>\n","protected":false},"author":18,"featured_media":31490,"comment_status":"open","ping_status":"closed","sticky":false,"template":"","format":"standard","meta":[],"categories":[4,7],"tags":[1652,326,1646,11,646,1603,1630,1664],"views":12245,"_links":{"self":[{"href":"https:\/\/carfree.fr\/index.php\/wp-json\/wp\/v2\/posts\/29252"}],"collection":[{"href":"https:\/\/carfree.fr\/index.php\/wp-json\/wp\/v2\/posts"}],"about":[{"href":"https:\/\/carfree.fr\/index.php\/wp-json\/wp\/v2\/types\/post"}],"author":[{"embeddable":true,"href":"https:\/\/carfree.fr\/index.php\/wp-json\/wp\/v2\/users\/18"}],"replies":[{"embeddable":true,"href":"https:\/\/carfree.fr\/index.php\/wp-json\/wp\/v2\/comments?post=29252"}],"version-history":[{"count":0,"href":"https:\/\/carfree.fr\/index.php\/wp-json\/wp\/v2\/posts\/29252\/revisions"}],"wp:featuredmedia":[{"embeddable":true,"href":"https:\/\/carfree.fr\/index.php\/wp-json\/wp\/v2\/media\/31490"}],"wp:attachment":[{"href":"https:\/\/carfree.fr\/index.php\/wp-json\/wp\/v2\/media?parent=29252"}],"wp:term":[{"taxonomy":"category","embeddable":true,"href":"https:\/\/carfree.fr\/index.php\/wp-json\/wp\/v2\/categories?post=29252"},{"taxonomy":"post_tag","embeddable":true,"href":"https:\/\/carfree.fr\/index.php\/wp-json\/wp\/v2\/tags?post=29252"}],"curies":[{"name":"wp","href":"https:\/\/api.w.org\/{rel}","templated":true}]}}