{"id":29261,"date":"2012-12-07T13:00:55","date_gmt":"2012-12-07T12:00:55","guid":{"rendered":"http:\/\/carfree.fr\/?p=29261"},"modified":"2018-07-02T08:51:01","modified_gmt":"2018-07-02T07:51:01","slug":"stickers-contre-les-voitures-mal-garees","status":"publish","type":"post","link":"https:\/\/carfree.fr\/index.php\/2012\/12\/07\/stickers-contre-les-voitures-mal-garees\/","title":{"rendered":"Stickers contre les voitures mal gar\u00e9es"},"content":{"rendered":"<p>On nous demande souvent des autocollants ou autres stickers \u00e0 mettre sur les voitures ind\u00e9licates qui se garent n&rsquo;importe o\u00f9 et n&rsquo;importe comment. Nous pouvons d\u00e9sormais vous proposer plusieurs mod\u00e8les de stickers destin\u00e9s aux voitures mal gar\u00e9es. <!--more--><\/p>\n<p>Marre des bagnoles mal gar\u00e9es?! Vous ne supportez plus les voitures gar\u00e9es sur les trottoirs, les bandes cyclables, en vrac sur les passages pi\u00e9tons ou sur les places r\u00e9serv\u00e9es aux handicap\u00e9s? Cet auto-collant est pour vous!<\/p>\n<p>Vous aussi devenez acteur contre le stationnement g\u00eanant et dangereux des automobilistes. Pour participer au mouvement \u00ab\u00a0Gar\u00e9(e) comme une Merde\u00a0\u00bb, plusieurs possibilit\u00e9s s&rsquo;offrent \u00e0 vous. <\/p>\n<p>Imprimez vous-m\u00eame le visuel en versions PDF ou PNG mises gratuitement \u00e0 disposition, soit sous forme d&rsquo;autocollants ou de tracts \u00e0 apposer sous l&rsquo;essuie-glaces.<\/p>\n<p>Version imprimable de l&rsquo;autocollant : [<a href=\"http:\/\/carfree.fr\/img\/2012\/12\/comme_une_merde.pdf\" target=\"_blank\">PDF<\/a>] ou [<a href=\"http:\/\/carfree.fr\/img\/2012\/12\/comme_une_merde.png\" target=\"_blank\">PNG<\/a>]<\/p>\n<p><img decoding=\"async\" loading=\"lazy\" class=\"alignnone size-full wp-image-29882\" src=\"http:\/\/carfree.fr\/img\/2016\/04\/lot_stickers-450x262.jpg\" alt=\"lot_stickers-450x262\" width=\"450\" height=\"262\" \/><\/p>\n<p>Si vous faites face \u00e0 un v\u00e9ritable sp\u00e9cialiste du stationnement sur voie cyclable, optez carr\u00e9ment pour la <strong>carte de stationnement exceptionnel sur les infrastructures cyclistes!<\/strong><\/p>\n<p><img decoding=\"async\" loading=\"lazy\" class=\"alignnone size-full wp-image-29881\" src=\"http:\/\/carfree.fr\/img\/2016\/04\/carte-stationnement-exceptionnel.jpg\" alt=\"carte-stationnement-exceptionnel\" width=\"600\" height=\"426\" \/><\/p>\n","protected":false},"excerpt":{"rendered":"<p>On nous demande souvent des autocollants ou autres stickers \u00e0 mettre sur les voitures ind\u00e9licates qui se garent n&rsquo;importe o\u00f9 et n&rsquo;importe comment. Nous pouvons d\u00e9sormais vous proposer plusieurs mod\u00e8les <a class=\"more-link\" href=\"https:\/\/carfree.fr\/index.php\/2012\/12\/07\/stickers-contre-les-voitures-mal-garees\/\">Lire la suite&#8230;<\/a><\/p>\n","protected":false},"author":1390,"featured_media":35831,"comment_status":"open","ping_status":"closed","sticky":false,"template":"","format":"standard","meta":[],"categories":[4,73,9,72,24,8,7,70],"tags":[1709,230,175,44,41,215,42],"views":27650,"_links":{"self":[{"href":"https:\/\/carfree.fr\/index.php\/wp-json\/wp\/v2\/posts\/29261"}],"collection":[{"href":"https:\/\/carfree.fr\/index.php\/wp-json\/wp\/v2\/posts"}],"about":[{"href":"https:\/\/carfree.fr\/index.php\/wp-json\/wp\/v2\/types\/post"}],"author":[{"embeddable":true,"href":"https:\/\/carfree.fr\/index.php\/wp-json\/wp\/v2\/users\/1390"}],"replies":[{"embeddable":true,"href":"https:\/\/carfree.fr\/index.php\/wp-json\/wp\/v2\/comments?post=29261"}],"version-history":[{"count":0,"href":"https:\/\/carfree.fr\/index.php\/wp-json\/wp\/v2\/posts\/29261\/revisions"}],"wp:featuredmedia":[{"embeddable":true,"href":"https:\/\/carfree.fr\/index.php\/wp-json\/wp\/v2\/media\/35831"}],"wp:attachment":[{"href":"https:\/\/carfree.fr\/index.php\/wp-json\/wp\/v2\/media?parent=29261"}],"wp:term":[{"taxonomy":"category","embeddable":true,"href":"https:\/\/carfree.fr\/index.php\/wp-json\/wp\/v2\/categories?post=29261"},{"taxonomy":"post_tag","embeddable":true,"href":"https:\/\/carfree.fr\/index.php\/wp-json\/wp\/v2\/tags?post=29261"}],"curies":[{"name":"wp","href":"https:\/\/api.w.org\/{rel}","templated":true}]}}