{"id":29353,"date":"2016-01-20T09:09:25","date_gmt":"2016-01-20T08:09:25","guid":{"rendered":"http:\/\/carfree.fr\/?p=29353"},"modified":"2020-06-24T10:49:32","modified_gmt":"2020-06-24T09:49:32","slug":"guide-de-la-marche-a-pied-a-lusage-des-automobilistes-2","status":"publish","type":"post","link":"https:\/\/carfree.fr\/index.php\/2016\/01\/20\/guide-de-la-marche-a-pied-a-lusage-des-automobilistes-2\/","title":{"rendered":"Guide de la marche \u00e0 pied \u00e0 l&rsquo;usage des automobilistes"},"content":{"rendered":"<p>Vous \u00eates automobiliste et vous voulez vous mettre \u00e0 la marche, mais vous h\u00e9sitez encore \u00e0 sauter le pas? Ne marchant plus depuis des ann\u00e9es, vous avez peur de ne plus savoir comment faire? Voici le guide qu\u2019il vous faut, d\u2019autant plus qu\u2019il est en t\u00e9l\u00e9chargement gratuit. <!--more--><\/p>\n<p>Comme chacun le sait, l&rsquo;atrophie musculaire cons\u00e9cutive \u00e0 la station assise permanente, fatalement assortie d\u2019escarres purulentes, aussi appel\u00e9es \u00ab\u00a0escarres des automobilistes-t\u00e9l\u00e9visionnistes\u00a0\u00bb, est une terrible maladie, souvent incurable, beaucoup finissent leur vie dans leur appareillage automobile, n\u2019ayant m\u00eame jamais pu voir la lumi\u00e8re du jour autrement que derri\u00e8re une vitre ou un \u00e9cran.<\/p>\n<p>Il est donc n\u00e9cessaire de faire preuve d\u2019empathie pour les automobilistes. Il faut les aider, mais progressivement, avec une r\u00e9\u00e9ducation musculaire, de longues et patientes s\u00e9ances de kin\u00e9, etc. On ne marche pas comme \u00e7a du jour au lendemain !<\/p>\n<p>C&rsquo;est pourquoi, Carfree France propose en t\u00e9l\u00e9chargement gratuit un guide de la marche \u00e0 pied destin\u00e9 sp\u00e9cifiquement aux automobilistes. Le guide vous est livr\u00e9 au format pdf, ce qui vous permettra de l&rsquo;envoyer plus facilement par mail aux automobilistes parmi vos amis, vos coll\u00e8gues, votre famille. \u00c9galement, de format facilement imprimable, il vous sera ais\u00e9 de l&rsquo;afficher publiquement, par exemple sur votre lieu de travail.<\/p>\n<p><a href=\"http:\/\/carfree.fr\/img\/2016\/01\/guide-de-la-marche-a-pied.pdf\" target=\"_blank\" rel=\"\">T\u00e9l\u00e9charger le guide de la marche \u00e0 pied au format pdf (243 Ko)<\/a><\/p>\n","protected":false},"excerpt":{"rendered":"<p>Vous \u00eates automobiliste et vous voulez vous mettre \u00e0 la marche, mais vous h\u00e9sitez encore \u00e0 sauter le pas? Ne marchant plus depuis des ann\u00e9es, vous avez peur de ne <a class=\"more-link\" href=\"https:\/\/carfree.fr\/index.php\/2016\/01\/20\/guide-de-la-marche-a-pied-a-lusage-des-automobilistes-2\/\">Lire la suite&#8230;<\/a><\/p>\n","protected":false},"author":1390,"featured_media":31221,"comment_status":"open","ping_status":"closed","sticky":false,"template":"","format":"standard","meta":[],"categories":[4,127,1802,9,72,24],"tags":[1709,224,491,846,135,101,173],"views":11475,"_links":{"self":[{"href":"https:\/\/carfree.fr\/index.php\/wp-json\/wp\/v2\/posts\/29353"}],"collection":[{"href":"https:\/\/carfree.fr\/index.php\/wp-json\/wp\/v2\/posts"}],"about":[{"href":"https:\/\/carfree.fr\/index.php\/wp-json\/wp\/v2\/types\/post"}],"author":[{"embeddable":true,"href":"https:\/\/carfree.fr\/index.php\/wp-json\/wp\/v2\/users\/1390"}],"replies":[{"embeddable":true,"href":"https:\/\/carfree.fr\/index.php\/wp-json\/wp\/v2\/comments?post=29353"}],"version-history":[{"count":0,"href":"https:\/\/carfree.fr\/index.php\/wp-json\/wp\/v2\/posts\/29353\/revisions"}],"wp:featuredmedia":[{"embeddable":true,"href":"https:\/\/carfree.fr\/index.php\/wp-json\/wp\/v2\/media\/31221"}],"wp:attachment":[{"href":"https:\/\/carfree.fr\/index.php\/wp-json\/wp\/v2\/media?parent=29353"}],"wp:term":[{"taxonomy":"category","embeddable":true,"href":"https:\/\/carfree.fr\/index.php\/wp-json\/wp\/v2\/categories?post=29353"},{"taxonomy":"post_tag","embeddable":true,"href":"https:\/\/carfree.fr\/index.php\/wp-json\/wp\/v2\/tags?post=29353"}],"curies":[{"name":"wp","href":"https:\/\/api.w.org\/{rel}","templated":true}]}}