{"id":29377,"date":"2016-01-27T09:15:30","date_gmt":"2016-01-27T08:15:30","guid":{"rendered":"http:\/\/carfree.fr\/?p=29377"},"modified":"2016-01-27T09:15:30","modified_gmt":"2016-01-27T08:15:30","slug":"et-vous-cetait-comment-votre-premiere-fois-a-velo","status":"publish","type":"post","link":"https:\/\/carfree.fr\/index.php\/2016\/01\/27\/et-vous-cetait-comment-votre-premiere-fois-a-velo\/","title":{"rendered":"Et vous, c&rsquo;\u00e9tait comment votre premi\u00e8re fois (\u00e0 v\u00e9lo)?"},"content":{"rendered":"<p>A partir des premi\u00e8res sensations ressenties \u00e0 v\u00e9lo, Weverson Da Silva, un r\u00e9alisateur br\u00e9silien amateur de v\u00e9lo, a r\u00e9alis\u00e9 une jolie vid\u00e9o qui donne la parole \u00e0 quelques cyclistes. <!--more--><\/p>\n<p>\u00ab\u00a0<em>Entrons dans le d\u00e9bat, affirmons notre volont\u00e9 de changer. Ensemble, mettons-nous en mouvement et lan\u00e7ons la grande course au ralentissement<\/em>,\u00a0\u00bb exprime-t-il. <\/p>\n<p>L\u2019id\u00e9e de ce clip lui est venue de sa propre exp\u00e9rience de cycliste. Install\u00e9 \u00e0 Paris, il a vu l\u2019\u00e9volution de la ville, dont la cr\u00e9ation de 700 km de pistes cyclables, et s\u2019est rendu compte que le v\u00e9lo, plus qu\u2019un moyen de locomotion, \u00e9tait une \u00e9vidence de transition, autant physique que symbolique, pour tous les citoyens d\u00e9sireux d\u2019insuffler un mouvement de transition. <\/p>\n<p>En revanche, ce moyen de locomotion appara\u00eet, \u00e0 tort, toujours dangereux aux yeux de nombreux citadins. Weverson a voulu capturer ce sentiment d\u2019\u00e9vidence, de libert\u00e9 et d\u2019engagement \u00e9cologique en demandant \u00e0 ses amis cyclistes de t\u00e9moigner. De raconter leurs premiers souvenirs \u00e0 bicyclette dans l\u2019espoir de s\u00e9duire ceux qui h\u00e9sitent encore\u2026<\/p>\n<p><iframe loading=\"lazy\" src=\"https:\/\/player.vimeo.com\/video\/47229591\" width=\"500\" height=\"281\" frameborder=\"0\" webkitallowfullscreen mozallowfullscreen allowfullscreen><\/iframe><\/p>\n<p><a href=\"https:\/\/vimeo.com\/47229591\">V&eacute;lo, ma premi&egrave;re fois<\/a> from <a href=\"https:\/\/vimeo.com\/user3112175\">M&eacute;moire Films<\/a> on <a href=\"https:\/\/vimeo.com\">Vimeo<\/a>.<\/p>\n<p>Source: <a href=\"https:\/\/mrmondialisation.org\/le-velo-comme-solution\/\" target=\"_blank\">Mr Mondialisation<\/a><\/p>\n","protected":false},"excerpt":{"rendered":"<p>A partir des premi\u00e8res sensations ressenties \u00e0 v\u00e9lo, Weverson Da Silva, un r\u00e9alisateur br\u00e9silien amateur de v\u00e9lo, a r\u00e9alis\u00e9 une jolie vid\u00e9o qui donne la parole \u00e0 quelques cyclistes.<\/p>\n","protected":false},"author":37,"featured_media":31354,"comment_status":"open","ping_status":"closed","sticky":false,"template":"","format":"standard","meta":[],"categories":[4,7],"tags":[1703,588,106,1664,648],"views":9889,"_links":{"self":[{"href":"https:\/\/carfree.fr\/index.php\/wp-json\/wp\/v2\/posts\/29377"}],"collection":[{"href":"https:\/\/carfree.fr\/index.php\/wp-json\/wp\/v2\/posts"}],"about":[{"href":"https:\/\/carfree.fr\/index.php\/wp-json\/wp\/v2\/types\/post"}],"author":[{"embeddable":true,"href":"https:\/\/carfree.fr\/index.php\/wp-json\/wp\/v2\/users\/37"}],"replies":[{"embeddable":true,"href":"https:\/\/carfree.fr\/index.php\/wp-json\/wp\/v2\/comments?post=29377"}],"version-history":[{"count":0,"href":"https:\/\/carfree.fr\/index.php\/wp-json\/wp\/v2\/posts\/29377\/revisions"}],"wp:featuredmedia":[{"embeddable":true,"href":"https:\/\/carfree.fr\/index.php\/wp-json\/wp\/v2\/media\/31354"}],"wp:attachment":[{"href":"https:\/\/carfree.fr\/index.php\/wp-json\/wp\/v2\/media?parent=29377"}],"wp:term":[{"taxonomy":"category","embeddable":true,"href":"https:\/\/carfree.fr\/index.php\/wp-json\/wp\/v2\/categories?post=29377"},{"taxonomy":"post_tag","embeddable":true,"href":"https:\/\/carfree.fr\/index.php\/wp-json\/wp\/v2\/tags?post=29377"}],"curies":[{"name":"wp","href":"https:\/\/api.w.org\/{rel}","templated":true}]}}