{"id":29379,"date":"2016-01-28T09:37:34","date_gmt":"2016-01-28T08:37:34","guid":{"rendered":"http:\/\/carfree.fr\/?p=29379"},"modified":"2021-01-19T08:08:07","modified_gmt":"2021-01-19T07:08:07","slug":"velos-urbains","status":"publish","type":"post","link":"https:\/\/carfree.fr\/index.php\/2016\/01\/28\/velos-urbains\/","title":{"rendered":"V\u00e9los urbains"},"content":{"rendered":"<p>Voici ce qui pourrait bien devenir le livre de r\u00e9f\u00e9rence du v\u00e9lo urbain. Intitul\u00e9 sobrement \u00ab\u00a0V\u00e9los urbains\u00a0\u00bb, ce pav\u00e9 de plus d&rsquo;un kilogramme de textes et photos (1.235kg et 192 pages!) nous montre que le v\u00e9lo en ville est tout autant un mode de d\u00e9placement qu&rsquo;un art de vivre! <!--more--><\/p>\n<p>Depuis quelques ann\u00e9es, le v\u00e9lo s&rsquo;est impos\u00e9 dans les grandes villes et capitales du monde entier. Depuis l&rsquo;apparition du V\u00e9lib \u00e0 Paris, du Velov&rsquo; \u00e0 Lyon etc, et des nombreuses pistes cyclables qui traversent d\u00e9sormais les grandes villes de France, les boutiques de v\u00e9lo fleurissent et remportent un vif succ\u00e8s. V\u00e9los \u00e9lectriques, v\u00e9los hollandais, v\u00e9los vintage, v\u00e9los de courses, Fixie, et VTT, il y en a pour tous les go\u00fbts!<\/p>\n<p>Plus que n&rsquo;importe quel moyen de transport, il est surtout synonyme de plaisir! Plaisir de se d\u00e9placer et plaisir d&rsquo;avoir aussi le bon accessoire et le beau v\u00e9lo!<\/p>\n<p>Outre son caract\u00e8re \u00e9cologique, le v\u00e9lo est aussi synonyme de libert\u00e9.<\/p>\n<p>Parmi le d\u00e9veloppement du v\u00e9lo en ville de ces derni\u00e8res ann\u00e9es, il y a un ph\u00e9nom\u00e8ne qui a connu un grand essor et c&rsquo;est sans conteste celui du fixie ou v\u00e9lo \u00e0 pignon fixe. Avec lui, le v\u00e9lo retrouve la cote, car on aime son design simple et \u00e9pur\u00e9, son cot\u00e9 vintage et son style urbain.<\/p>\n<p>C&rsquo;est au fil des 4 chapitres largement illustr\u00e9s que l&rsquo;auteur Laurent Belando, souhaite faire partager sa passion pour le v\u00e9lo urbain et nous pr\u00e9senter ces personnes qui ne pourraient plus se passer de leur v\u00e9lo aujourd&rsquo;hui.<\/p>\n<p>En restant dans l&rsquo;univers du v\u00e9lo en ville, l&rsquo;ouvrage s&rsquo;articule autour de son histoire, de l&rsquo;esth\u00e9tique \u00ab\u00a0Lifestyle\u00a0\u00bb v\u00e9hicul\u00e9e par le v\u00e9lo urbain et ses diff\u00e9rentes pratiques, afin d&rsquo;orienter le lecteur dans le choix du type de v\u00e9lo qui lui conviendra le mieux et lui proposer \u00e0 la fin de l&rsquo;ouvrage un chapitre technique pour restaurer lui-m\u00eame le v\u00e9lo de son grand-p\u00e8re, pour en faire un authentique fixie de conversion!<\/p>\n<p><img decoding=\"async\" loading=\"lazy\" src=\"http:\/\/carfree.fr\/img\/2016\/01\/livre-velos-urbains-de-la-roue-libre-au-fixie1.jpg\" alt=\"livre-velos-urbains-de-la-roue-libre-au-fixie1\" width=\"600\" height=\"378\" class=\"alignnone size-full wp-image-29381\" \/><br \/>\n<img decoding=\"async\" loading=\"lazy\" src=\"http:\/\/carfree.fr\/img\/2016\/01\/livre-velos-urbains-de-la-roue-libre-au-fixie2.jpg\" alt=\"livre-velos-urbains-de-la-roue-libre-au-fixie2\" width=\"600\" height=\"379\" class=\"alignnone size-full wp-image-29382\" \/><br \/>\n<img decoding=\"async\" loading=\"lazy\" src=\"http:\/\/carfree.fr\/img\/2016\/01\/livre-velos-urbains-de-la-roue-libre-au-fixie3.jpg\" alt=\"livre-velos-urbains-de-la-roue-libre-au-fixie3\" width=\"600\" height=\"382\" class=\"alignnone size-full wp-image-29383\" \/><br \/>\n<img decoding=\"async\" loading=\"lazy\" src=\"http:\/\/carfree.fr\/img\/2016\/01\/livre-velos-urbains-de-la-roue-libre-au-fixie4.jpg\" alt=\"livre-velos-urbains-de-la-roue-libre-au-fixie4\" width=\"600\" height=\"379\" class=\"alignnone size-full wp-image-29384\" \/><br \/>\n<img decoding=\"async\" loading=\"lazy\" src=\"http:\/\/carfree.fr\/img\/2016\/01\/livre-velos-urbains-de-la-roue-libre-au-fixie5.jpg\" alt=\"livre-velos-urbains-de-la-roue-libre-au-fixie5\" width=\"600\" height=\"382\" class=\"alignnone size-full wp-image-29385\" \/><\/p>\n<p>V\u00e9los urbains, de la roue libre au fixe<br \/>\nde Laurent Belando<br \/>\nchez Tana Editions<br \/>\n192 pages<br \/>\nISBN:979-10-301-0066-2<\/p>\n<p><img decoding=\"async\" loading=\"lazy\" src=\"http:\/\/carfree.fr\/img\/2016\/01\/livre-velos-urbains-de-la-roue-libre-au-fixie-couverture.jpg\" alt=\"livre-velos-urbains-de-la-roue-libre-au-fixie-couverture\" width=\"250\" height=\"356\" class=\"alignnone size-full wp-image-29386\" \/><\/p>\n","protected":false},"excerpt":{"rendered":"<p>Voici ce qui pourrait bien devenir le livre de r\u00e9f\u00e9rence du v\u00e9lo urbain. Intitul\u00e9 sobrement \u00ab\u00a0V\u00e9los urbains\u00a0\u00bb, ce pav\u00e9 de plus d&rsquo;un kilogramme de textes et photos (1.235kg et 192 <a class=\"more-link\" href=\"https:\/\/carfree.fr\/index.php\/2016\/01\/28\/velos-urbains\/\">Lire la suite&#8230;<\/a><\/p>\n","protected":false},"author":37,"featured_media":31232,"comment_status":"open","ping_status":"closed","sticky":false,"template":"","format":"standard","meta":[],"categories":[4,17,7],"tags":[1703,1665,704,814,38,1664],"views":9386,"_links":{"self":[{"href":"https:\/\/carfree.fr\/index.php\/wp-json\/wp\/v2\/posts\/29379"}],"collection":[{"href":"https:\/\/carfree.fr\/index.php\/wp-json\/wp\/v2\/posts"}],"about":[{"href":"https:\/\/carfree.fr\/index.php\/wp-json\/wp\/v2\/types\/post"}],"author":[{"embeddable":true,"href":"https:\/\/carfree.fr\/index.php\/wp-json\/wp\/v2\/users\/37"}],"replies":[{"embeddable":true,"href":"https:\/\/carfree.fr\/index.php\/wp-json\/wp\/v2\/comments?post=29379"}],"version-history":[{"count":0,"href":"https:\/\/carfree.fr\/index.php\/wp-json\/wp\/v2\/posts\/29379\/revisions"}],"wp:featuredmedia":[{"embeddable":true,"href":"https:\/\/carfree.fr\/index.php\/wp-json\/wp\/v2\/media\/31232"}],"wp:attachment":[{"href":"https:\/\/carfree.fr\/index.php\/wp-json\/wp\/v2\/media?parent=29379"}],"wp:term":[{"taxonomy":"category","embeddable":true,"href":"https:\/\/carfree.fr\/index.php\/wp-json\/wp\/v2\/categories?post=29379"},{"taxonomy":"post_tag","embeddable":true,"href":"https:\/\/carfree.fr\/index.php\/wp-json\/wp\/v2\/tags?post=29379"}],"curies":[{"name":"wp","href":"https:\/\/api.w.org\/{rel}","templated":true}]}}