{"id":29419,"date":"2016-02-11T09:41:16","date_gmt":"2016-02-11T08:41:16","guid":{"rendered":"http:\/\/carfree.fr\/?p=29419"},"modified":"2020-12-05T20:34:20","modified_gmt":"2020-12-05T19:34:20","slug":"les-pros-du-velo","status":"publish","type":"post","link":"https:\/\/carfree.fr\/index.php\/2016\/02\/11\/les-pros-du-velo\/","title":{"rendered":"Les pros du v\u00e9lo"},"content":{"rendered":"<p>Deuxi\u00e8me \u00e9pisode d&rsquo;une s\u00e9rie d&rsquo;articles sur les modes de d\u00e9placement au sein des villes europ\u00e9ennes. Apr\u00e8s avoir vu dans le premier \u00e9pisode <a href=\"http:\/\/carfree.fr\/index.php\/2016\/02\/05\/les-villes-qui-marchent\/\" target=\"_blank\">les villes qui marchent<\/a>, nous allons voir aujourd&rsquo;hui quelles sont les villes o\u00f9 le v\u00e9lo est le plus d\u00e9velopp\u00e9. <!--more--><\/p>\n<p>Une base de donn\u00e9es accessible en ligne recense un grand nombres de villes europ\u00e9ennes et les parts modales des diff\u00e9rents modes de d\u00e9placement. Par \u00ab\u00a0parts modales,\u00a0\u00bb on entend la part prise par les diff\u00e9rents modes de d\u00e9placement dans la mobilit\u00e9 des villes (voiture, transports publics, v\u00e9lo, marche).<\/p>\n<p>Cette base de donn\u00e9es, c&rsquo;est TEMS \u00ab\u00a0The EPOMM Modal Split Tool\u00a0\u00bb. <a href=\"http:\/\/carfree.fr\/index.php\/2011\/10\/28\/une-base-de-donnees-europeenne-sur-les-parts-modales-urbaines\/\" target=\"_blank\">Nous en avions parl\u00e9 en 2011<\/a>, mais \u00e0 l&rsquo;\u00e9poque, beaucoup de villes europ\u00e9ennes n&rsquo;\u00e9taient pas encore r\u00e9f\u00e9renc\u00e9es. D\u00e9sormais, la base de donn\u00e9es int\u00e8gre plus de 430 villes dont 318 villes de plus de 100.000 habitants, soit deux fois plus qu&rsquo;il y a 5 ans.<\/p>\n<p>Comme on consid\u00e8re g\u00e9n\u00e9ralement qu&rsquo;il y a <a href=\"https:\/\/fr.wikipedia.org\/wiki\/Liste_des_villes_de_l'Union_europ%C3%A9enne_par_population#Nombre_de_villes_et_communes_de_plus_de_100.C2.A0000_habitants_par_pays\" target=\"_blank\">486 villes europ\u00e9ennes de plus de 100.000 habitants<\/a>, la base de donn\u00e9es int\u00e8gre donc 65% de ces villes, soit un bon \u00e9chantillon.<\/p>\n<p>En outre, la base est renseign\u00e9e par les villes elles-m\u00eames ou par des organismes publics, voire des particuliers, mais toujours avec des donn\u00e9es sourc\u00e9es et valid\u00e9es. On peut donc consid\u00e9rer que les \u00ab\u00a0meilleures\u00a0\u00bb villes du point de vue de la mobilit\u00e9 sont d\u00e9j\u00e0 dans la base, les villes ayant en effet tout int\u00e9r\u00eat \u00e0 faire la promotion de leurs donn\u00e9es quand elles sont bonnes.<\/p>\n<p>Par contre, vu le faible nombre de l&rsquo;\u00e9chantillon, nous n&rsquo;avons pas retenu les villes inf\u00e9rieures \u00e0 100.000 habitants, qui ne sont que 136 dans la base de donn\u00e9es. On parlera donc dans cette s\u00e9rie d&rsquo;articles que des villes europ\u00e9ennes de plus de 100.000 habitants.<\/p>\n<p><strong>Les 10 villes europ\u00e9ennes qui font le plus de v\u00e9lo<\/strong><\/p>\n<p><img decoding=\"async\" loading=\"lazy\" class=\"alignnone size-full wp-image-29420\" src=\"http:\/\/carfree.fr\/img\/2016\/02\/les-pros-du-velo.jpg\" alt=\"les-pros-du-velo\" width=\"630\" height=\"254\" \/><\/p>\n<p>Parmi les villes europ\u00e9ennes de plus de 100.000 habitants, la ville qui pratique le plus le v\u00e9lo est Eindhoven aux Pays-Bas, avec une part modale du v\u00e9lo de 40%! En d&rsquo;autres termes, plus du tiers des d\u00e9placements dans cette ville de 220.000 habitants se font \u00e0 v\u00e9lo.<\/p>\n<p>Au passage, on constate que 6 villes parmi les dix premi\u00e8res villes en mati\u00e8re de pratique v\u00e9lo sont des villes hollandaises (Eindhoven, Leiden, Groningen, Zwolle, Apeldoorn et Amersfoort), avec une part modale du v\u00e9lo oscillant entre 40% et 28%. La <a href=\"http:\/\/carfree.fr\/index.php\/2009\/04\/09\/le-velo-aux-pays-bas-en-2009\/\" target=\"_blank\">r\u00e9putation des Pays-Bas<\/a> en mati\u00e8re de v\u00e9lo n&rsquo;est donc pas usurp\u00e9e, et il n&rsquo;est pas inutile de comprendre <a href=\"http:\/\/carfree.fr\/index.php\/2013\/03\/04\/comment-les-hollandais-ont-obtenu-leur-infrastructure-cyclable\/\" target=\"_blank\">comment les Hollandais ont obtenu leur infrastructure cyclable<\/a>.<\/p>\n<p>La seconde ville du classement est malgr\u00e9 tout une ville allemande, M\u00fcnster, avec une part modale du v\u00e9lo de 38%. On trouve aussi une ville albanaise, Shkoder, avec une part modale du v\u00e9lo de 29%, une ville italienne, Bolzano (29% aussi) et enfin une autre ville allemande, Freiburg (28%).<\/p>\n<p>A titre de comparaison, il faut savoir que la meilleure ville fran\u00e7aise en mati\u00e8re de v\u00e9lo est Strasbourg avec une part modale du v\u00e9lo de 8% \u00e0 l&rsquo;\u00e9chelle de l&rsquo;agglom\u00e9ration (et 15% pour la ville seule).<\/p>\n<p><strong>Les 10 grandes villes qui font le plus de v\u00e9lo<\/strong><\/p>\n<p><img decoding=\"async\" loading=\"lazy\" class=\"alignnone size-full wp-image-29421\" src=\"http:\/\/carfree.fr\/img\/2016\/02\/grandes-villes-velo.jpg\" alt=\"grandes-villes-velo\" width=\"630\" height=\"252\" \/><\/p>\n<p>Si on observe d\u00e9sormais seulement les \u00ab\u00a0grandes\u00a0\u00bb villes, consid\u00e9r\u00e9es ici comme les villes de plus de 500.000 habitants, c&rsquo;est Copenhague au Danemark qui prend la t\u00eate du classement avec une part modale du v\u00e9lo de 26%.<\/p>\n<p>Avec une part modale v\u00e9lo qui d\u00e9passe les 20%, on trouve ensuite Br\u00eame en Allemagne, Anvers en Belgique et Amsterdam aux Pays-Bas.<\/p>\n<p>Le reste du classement est occup\u00e9 quasi-exclusivement par des villes allemandes (Hanovre, Dresde, Munich, Leipzig et Berlin), mis \u00e0 part Rotterdam aux Pays-Bas qui se classe sixi\u00e8me.<\/p>\n<p>En conclusion, et sans surprise, ce sont bien les villes nordiques (Pays-Bas, Allemagne et Danemark principalement) qui pratiquent le plus le v\u00e9lo.<\/p>\n<p>Ce qui est sans doute normal car ces villes sont connues pour leur climat doux et ensoleill\u00e9 propice \u00e0 la pratique du v\u00e9lo&#8230;<\/p>\n<p>Prochain \u00e9pisode: <a href=\"http:\/\/carfree.fr\/index.php\/2016\/02\/19\/les-champions-du-transport-public\/\" target=\"_blank\">Les champions du transport public!<\/a><\/p>\n<p>Photo: Parking v\u00e9lo \u00e0 Eindhoven (Julo)<\/p>\n","protected":false},"excerpt":{"rendered":"<p>Deuxi\u00e8me \u00e9pisode d&rsquo;une s\u00e9rie d&rsquo;articles sur les modes de d\u00e9placement au sein des villes europ\u00e9ennes. Apr\u00e8s avoir vu dans le premier \u00e9pisode les villes qui marchent, nous allons voir aujourd&rsquo;hui <a class=\"more-link\" href=\"https:\/\/carfree.fr\/index.php\/2016\/02\/11\/les-pros-du-velo\/\">Lire la suite&#8230;<\/a><\/p>\n","protected":false},"author":1390,"featured_media":30861,"comment_status":"open","ping_status":"closed","sticky":false,"template":"","format":"standard","meta":[],"categories":[4,7],"tags":[1709,64,663,1470,171,527,565,646,323,169,134,88,1664],"views":11967,"_links":{"self":[{"href":"https:\/\/carfree.fr\/index.php\/wp-json\/wp\/v2\/posts\/29419"}],"collection":[{"href":"https:\/\/carfree.fr\/index.php\/wp-json\/wp\/v2\/posts"}],"about":[{"href":"https:\/\/carfree.fr\/index.php\/wp-json\/wp\/v2\/types\/post"}],"author":[{"embeddable":true,"href":"https:\/\/carfree.fr\/index.php\/wp-json\/wp\/v2\/users\/1390"}],"replies":[{"embeddable":true,"href":"https:\/\/carfree.fr\/index.php\/wp-json\/wp\/v2\/comments?post=29419"}],"version-history":[{"count":0,"href":"https:\/\/carfree.fr\/index.php\/wp-json\/wp\/v2\/posts\/29419\/revisions"}],"wp:featuredmedia":[{"embeddable":true,"href":"https:\/\/carfree.fr\/index.php\/wp-json\/wp\/v2\/media\/30861"}],"wp:attachment":[{"href":"https:\/\/carfree.fr\/index.php\/wp-json\/wp\/v2\/media?parent=29419"}],"wp:term":[{"taxonomy":"category","embeddable":true,"href":"https:\/\/carfree.fr\/index.php\/wp-json\/wp\/v2\/categories?post=29419"},{"taxonomy":"post_tag","embeddable":true,"href":"https:\/\/carfree.fr\/index.php\/wp-json\/wp\/v2\/tags?post=29419"}],"curies":[{"name":"wp","href":"https:\/\/api.w.org\/{rel}","templated":true}]}}