{"id":29429,"date":"2016-02-08T09:54:39","date_gmt":"2016-02-08T08:54:39","guid":{"rendered":"http:\/\/carfree.fr\/?p=29429"},"modified":"2016-05-19T12:16:33","modified_gmt":"2016-05-19T11:16:33","slug":"et-a-la-fin-encore-une-voiture","status":"publish","type":"post","link":"https:\/\/carfree.fr\/index.php\/2016\/02\/08\/et-a-la-fin-encore-une-voiture\/","title":{"rendered":"Et \u00e0 la fin&#8230; Encore une voiture?"},"content":{"rendered":"<p>J&rsquo;ai particip\u00e9 r\u00e9cemment \u00e0 un \u00e9v\u00e8nement faisant partie de notre humaine condition et cependant jamais banal, celui d&rsquo;accompagner une personne vers sa \u00ab\u00a0derni\u00e8re demeure\u00a0\u00bb. Dans ces moments, nos pens\u00e9es douloureuses vont bien s\u00fbr vers l&rsquo;\u00eatre que nous perdons, vers ses proches&#8230; Malheureusement le rideau de larmes qui trouble notre regard fait que nous ne la voyons pas&#8230; discr\u00e8te, rebaptis\u00e9e pour l&rsquo;occasion, rendue invisible par ses couleurs de circonstance et son allure compass\u00e9e, disparaissant souvent derri\u00e8re des monceaux de fleurs&#8230; <!--more--><\/p>\n<p>\u00c9videmment, pour qu&rsquo;il y ait derni\u00e8re demeure, il faut qu&rsquo;il y ait dernier trajet et donc dernier moyen de transport. Mais voil\u00e0, l\u00e0, encore et toujours, c&rsquo;est la bagnole, qui s&rsquo;impose.<\/p>\n<p>Elles sont loin les fun\u00e9railles d&rsquo;antan, quand nos morts restaient pr\u00e8s de nous, que les cimeti\u00e8res entouraient les \u00e9glises au centre des villes et des villages, qu&rsquo;on vivait et qu&rsquo;on mourrait, pour ainsi dire, en \u00ab\u00a0circuit-court\u00a0\u00bb.<\/p>\n<p>Aujourd&rsquo;hui, les marches fun\u00e8bres ne se font plus \u00e0 pied ; ceux qui suivent les convois ne se soucient plus d&rsquo;\u00e9viter les crottins sem\u00e9s \u00e7a et l\u00e0 sur le chemin du cimeti\u00e8re par le cheval qui tirait pompeusement la bi\u00e8re.<\/p>\n<p>Il y a pourtant des moments o\u00f9 l&rsquo;homme attache de l&rsquo;importance aux symboles et ceux des derniers adieux sont importants.<\/p>\n<p>Qu&rsquo;on transporte en voiture le d\u00e9funt patriarche d&rsquo;un empire automobile, qu&rsquo;on allume un moteur pour les restes d&rsquo;un magnat du p\u00e9trole, qu&rsquo;on fasse un bout de route pour l&rsquo;enveloppe charnelle d&rsquo;un serviteur z\u00e9l\u00e9 des enrob\u00e9s routiers, qu&rsquo;on entoure d&rsquo;une carrosserie rutilante les reliques d&rsquo;un fan de \u00ab\u00a0tuning\u00a0\u00bb ou qu&rsquo;on glisse la derni\u00e8re d\u00e9pouille d&rsquo;un \u00e9quipementier automobile dans un coffre de toit de forme oblongue, cela rev\u00eat un sens profond.<\/p>\n<p>Mais que dire du transport, \u00e0 l&rsquo;arri\u00e8re d&rsquo;un fourgon capitonn\u00e9 ou d&rsquo;un break am\u00e9nag\u00e9, du corps sans vie d&rsquo;une victime de la route, d&rsquo;un cycliste militant, d&rsquo;un objecteur de croissance, d&rsquo;un ZADiste ou, un jour, de feu Marcel Robert \u2013 longue vie \u00e0 lui !<\/p>\n<p>Ne laissons pas la voiture se charger de notre dernier voyage !<\/p>\n<p><em>Photo: <a href=\"https:\/\/www.facebook.com\/bikemap\" target=\"_blank\">Corbillard au Danemark<\/a><\/em><\/p>\n","protected":false},"excerpt":{"rendered":"<p>J&rsquo;ai particip\u00e9 r\u00e9cemment \u00e0 un \u00e9v\u00e8nement faisant partie de notre humaine condition et cependant jamais banal, celui d&rsquo;accompagner une personne vers sa \u00ab\u00a0derni\u00e8re demeure\u00a0\u00bb. Dans ces moments, nos pens\u00e9es douloureuses <a class=\"more-link\" href=\"https:\/\/carfree.fr\/index.php\/2016\/02\/08\/et-a-la-fin-encore-une-voiture\/\">Lire la suite&#8230;<\/a><\/p>\n","protected":false},"author":1595,"featured_media":30873,"comment_status":"open","ping_status":"closed","sticky":false,"template":"","format":"standard","meta":[],"categories":[4,70],"tags":[578,1587,809],"views":9391,"_links":{"self":[{"href":"https:\/\/carfree.fr\/index.php\/wp-json\/wp\/v2\/posts\/29429"}],"collection":[{"href":"https:\/\/carfree.fr\/index.php\/wp-json\/wp\/v2\/posts"}],"about":[{"href":"https:\/\/carfree.fr\/index.php\/wp-json\/wp\/v2\/types\/post"}],"author":[{"embeddable":true,"href":"https:\/\/carfree.fr\/index.php\/wp-json\/wp\/v2\/users\/1595"}],"replies":[{"embeddable":true,"href":"https:\/\/carfree.fr\/index.php\/wp-json\/wp\/v2\/comments?post=29429"}],"version-history":[{"count":0,"href":"https:\/\/carfree.fr\/index.php\/wp-json\/wp\/v2\/posts\/29429\/revisions"}],"wp:featuredmedia":[{"embeddable":true,"href":"https:\/\/carfree.fr\/index.php\/wp-json\/wp\/v2\/media\/30873"}],"wp:attachment":[{"href":"https:\/\/carfree.fr\/index.php\/wp-json\/wp\/v2\/media?parent=29429"}],"wp:term":[{"taxonomy":"category","embeddable":true,"href":"https:\/\/carfree.fr\/index.php\/wp-json\/wp\/v2\/categories?post=29429"},{"taxonomy":"post_tag","embeddable":true,"href":"https:\/\/carfree.fr\/index.php\/wp-json\/wp\/v2\/tags?post=29429"}],"curies":[{"name":"wp","href":"https:\/\/api.w.org\/{rel}","templated":true}]}}