{"id":29458,"date":"2016-03-02T10:15:14","date_gmt":"2016-03-02T09:15:14","guid":{"rendered":"http:\/\/carfree.fr\/?p=29458"},"modified":"2020-10-25T15:48:15","modified_gmt":"2020-10-25T14:48:15","slug":"avantapres-paris-lyon-toulouse","status":"publish","type":"post","link":"https:\/\/carfree.fr\/index.php\/2016\/03\/02\/avantapres-paris-lyon-toulouse\/","title":{"rendered":"Avant\/Apr\u00e8s Paris, Lyon, Toulouse&#8230;"},"content":{"rendered":"<p>Nous avions parl\u00e9 <a href=\"http:\/\/carfree.fr\/index.php\/2015\/10\/22\/avantapres-lautomobile\/\" target=\"_blank\">il y a peu<\/a> d&rsquo;un site internet regroupant des centaines de photos provenant du monde entier sur le th\u00e8me Avant\/Apr\u00e8s (l&rsquo;automobile). Nous y revenons aujourd&rsquo;hui, car le site en question propose d\u00e9sormais de nouvelles fonctions tr\u00e8s int\u00e9ressantes qui permettent de voir l&rsquo;\u00e9volution de l&rsquo;espace public ville par ville ou par types d&rsquo;am\u00e9nagement de l&rsquo;espace public. <!--more--><\/p>\n<p>Ce site, c&rsquo;est <a href=\"http:\/\/www.urb-i.com\/\" target=\"_blank\">urb-i.com<\/a>, une banque de donn\u00e9es mondiale d&rsquo;images illustrant les transformations de l&rsquo;espace public, depuis des rues principalement am\u00e9nag\u00e9es pour les voitures \u00e0 des rues am\u00e9nag\u00e9es pour les gens.<\/p>\n<p>Le principe est simple, \u00e0 chaque fois deux photos illustrent le avant\/apr\u00e8s, sous-entendu avant\/apr\u00e8s l&rsquo;espace public auto-centr\u00e9.<\/p>\n<p>Cette base de donn\u00e9es montre que la disparition progressive de l&rsquo;automobile dans nos villes est un ph\u00e9nom\u00e8ne g\u00e9n\u00e9ral depuis quelques ann\u00e9es.<\/p>\n<p>Pour preuve, on peut d\u00e9sormais acc\u00e9der \u00e0 des synth\u00e8ses <a href=\"http:\/\/www.urb-i.com\/#!before-after-cities\/ghvyz\" target=\"_blank\">ville par ville<\/a>, qui regroupent un grand nombre de transformations. Et il y a m\u00eame trois villes fran\u00e7aises r\u00e9f\u00e9renc\u00e9es pour l&rsquo;instant, Paris, <a href=\"http:\/\/www.urb-i.com\/#!lyon\/y3ca6\" target=\"_blank\">Lyon<\/a> et <a href=\"http:\/\/www.urb-i.com\/#!toulouse\/vqjul\" target=\"_blank\">Toulouse<\/a>. Pour chaque ville, il y a \u00e9galement une carte qui permet de visualiser la localisation des am\u00e9nagements.<\/p>\n<p>Par ailleurs, les transformations de l&rsquo;espace public sont aussi class\u00e9es par <a href=\"http:\/\/www.urb-i.com\/#!before-after-categories\/ifccx\" target=\"_blank\">cat\u00e9gories<\/a>, comme les rues partag\u00e9es, les am\u00e9nagements cyclables, les am\u00e9nagements de tramway ou de Bus \u00e0 Haut Niveau de Service.<\/p>\n<p>Bref, un site bien int\u00e9ressant qui n&rsquo;en finit pas de s&rsquo;am\u00e9liorer. A noter, le site repose sur les contributions des utilisateurs, alors n&rsquo;h\u00e9sitez pas!<\/p>\n<p><a href=\"http:\/\/www.urb-i.com\/\" target=\"_blank\">http:\/\/www.urb-i.com\/<\/a><\/p>\n","protected":false},"excerpt":{"rendered":"<p>Nous avions parl\u00e9 il y a peu d&rsquo;un site internet regroupant des centaines de photos provenant du monde entier sur le th\u00e8me Avant\/Apr\u00e8s (l&rsquo;automobile). Nous y revenons aujourd&rsquo;hui, car le <a class=\"more-link\" href=\"https:\/\/carfree.fr\/index.php\/2016\/03\/02\/avantapres-paris-lyon-toulouse\/\">Lire la suite&#8230;<\/a><\/p>\n","protected":false},"author":1390,"featured_media":31821,"comment_status":"open","ping_status":"closed","sticky":false,"template":"","format":"standard","meta":[],"categories":[4,73],"tags":[1703,352,158,61,106,704,218],"views":11598,"_links":{"self":[{"href":"https:\/\/carfree.fr\/index.php\/wp-json\/wp\/v2\/posts\/29458"}],"collection":[{"href":"https:\/\/carfree.fr\/index.php\/wp-json\/wp\/v2\/posts"}],"about":[{"href":"https:\/\/carfree.fr\/index.php\/wp-json\/wp\/v2\/types\/post"}],"author":[{"embeddable":true,"href":"https:\/\/carfree.fr\/index.php\/wp-json\/wp\/v2\/users\/1390"}],"replies":[{"embeddable":true,"href":"https:\/\/carfree.fr\/index.php\/wp-json\/wp\/v2\/comments?post=29458"}],"version-history":[{"count":0,"href":"https:\/\/carfree.fr\/index.php\/wp-json\/wp\/v2\/posts\/29458\/revisions"}],"wp:featuredmedia":[{"embeddable":true,"href":"https:\/\/carfree.fr\/index.php\/wp-json\/wp\/v2\/media\/31821"}],"wp:attachment":[{"href":"https:\/\/carfree.fr\/index.php\/wp-json\/wp\/v2\/media?parent=29458"}],"wp:term":[{"taxonomy":"category","embeddable":true,"href":"https:\/\/carfree.fr\/index.php\/wp-json\/wp\/v2\/categories?post=29458"},{"taxonomy":"post_tag","embeddable":true,"href":"https:\/\/carfree.fr\/index.php\/wp-json\/wp\/v2\/tags?post=29458"}],"curies":[{"name":"wp","href":"https:\/\/api.w.org\/{rel}","templated":true}]}}