{"id":29656,"date":"2016-03-21T09:59:17","date_gmt":"2016-03-21T08:59:17","guid":{"rendered":"http:\/\/carfree.fr\/?p=29656"},"modified":"2016-05-15T14:44:40","modified_gmt":"2016-05-15T13:44:40","slug":"spleen-en-berry","status":"publish","type":"post","link":"https:\/\/carfree.fr\/index.php\/2016\/03\/21\/spleen-en-berry\/","title":{"rendered":"\u00ab\u00a0Spleen en Berry\u00a0\u00bb"},"content":{"rendered":"<p>La rubrique \u00ab\u00a0<em>faits divers<\/em>\u00a0\u00bb des journaux, m\u00eame quand elle n&rsquo;est pas \u00e9crite \u00e0 Tulle par le jeune localier Tillinac, l\u00e8ve un peu le voile sur la myst\u00e9rieuse vie provinciale. La page 4 de la Nouvelle R\u00e9publique du 15 mars 2016 (\u00e9dition Indre Ouest) est, \u00e0 elle seule, une chronique de la \u00ab\u00a0banalit\u00e9\u00a0\u00bb affectant la trame rurale de notre pays, loin des p\u00f4les urbains, objets de toutes les sollicitudes. <!--more--><\/p>\n<p>On y lit un premier article :<br \/>\n\u00ab\u00a0<strong><em>Un homme de 46 ans meurt dans une collision frontale<\/em><\/strong><br \/>\n<em>Saint-Christophe-en-Boucherie. Un accident a co\u00fbt\u00e9 la vie \u00e0 un automobiliste de 46\u00a0ans, hier soir. Un autre est tr\u00e8s gri\u00e8vement bless\u00e9.<\/em><br \/>\n<em>Les gendarmes pr\u00e9sents hier soir sur la RD\u00a0940, \u00e0 hauteur du lieu-dit \u00ab\u00a0Feuilletin\u00a0\u00bb, \u00e0 Saint-Christophe-en-Boucherie, n&rsquo;ont pas eu de difficult\u00e9s \u00e0 d\u00e9terminer les circonstances de l&rsquo;accident qui a co\u00fbt\u00e9 la vie, hier soir, \u00e0 un homme de 46\u00a0ans, originaire de Saint-Christophe-en-Boucherie, et bless\u00e9 tr\u00e8s gri\u00e8vement un autre, \u00e2g\u00e9 de 31\u00a0ans, originaire de Saint-Florent-sur-Cher (Cher).<\/em><br \/>\n<strong><em>Choc d&rsquo;une extr\u00eame violence<\/em><\/strong><br \/>\n<em>Pour une raison inconnue, l&rsquo;homme de 46\u00a0ans qui venait de Saint-Christophe-en-Boucherie, a vu son v\u00e9hicule se d\u00e9porter sur la file de gauche, dans une grande courbe. Il n&rsquo;a pu \u00e9viter la collision avec un autre v\u00e9hicule qui arrivait en face.<\/em><br \/>\n<em>Le choc a \u00e9t\u00e9 d&rsquo;une extr\u00eame violence. \u00c0 leur arriv\u00e9e sur place, les pompiers ont port\u00e9 les premiers secours aux victimes qui ont d\u00fb \u00eatre d\u00e9sincarc\u00e9r\u00e9es pendant plus d&rsquo;une heure. Malheureusement, l&rsquo;une d&rsquo;entre elles n&rsquo;a pu \u00eatre ranim\u00e9e. La seconde, tr\u00e8s gri\u00e8vement bless\u00e9e, a \u00e9t\u00e9 h\u00e9liport\u00e9e par le Samu au centre hospitalier de Ch\u00e2teauroux.<\/em><br \/>\n<em>Les pompiers de Saint-Ao\u00fbt, La Ch\u00e2tre, Neuvy-Saint-S\u00e9pulchre et Ch\u00e2teauroux se sont rendus sur place, ainsi que cinq patrouilles de gendarmerie pour s\u00e9curiser les lieux.<\/em>\u00a0\u00bb<br \/>\n(On apprendra deux jours plus tard dans le m\u00eame quotidien que le \u00ab\u00a0<em>conducteur d\u00e9c\u00e9d\u00e9 roulait \u00e0 160 km\/h au lieu de 70 km\/h.\u00a0\u00bb<\/em>)<\/p>\n<p>Puis, tiens, une br\u00e8ve, en haut, dans le coin \u00e0 droite :<br \/>\n\u00ab\u00a0<strong><em>Ch\u00e2teauroux &#8211; Cycliste renvers\u00e9<\/em><\/strong><br \/>\n<em>Samedi \u00e0 22\u2009h\u200950, un cycliste qui circulait rue Jean-Nicaud a \u00e9t\u00e9 touch\u00e9 \u00e0 un coude par un automobiliste qui arrivait derri\u00e8re lui. D\u00e9s\u00e9quilibr\u00e9, il est tomb\u00e9 et s&rsquo;est plaint de douleurs au coude, au dos et aux cervicales. L&rsquo;automobiliste ne s&rsquo;est pas arr\u00eat\u00e9 suite au choc. La police m\u00e8ne l&rsquo;enqu\u00eate aupr\u00e8s de divers t\u00e9moins pour tenter de le retrouver. Le cycliste, bless\u00e9, a \u00e9t\u00e9 transport\u00e9 par les pompier de Ch\u00e2teauroux au centre hospitalier.<\/em>\u00a0\u00bb<br \/>\n\u2013 \u00c0 22 h 50, un cycliste qui circulait ? La police m\u00e8ne l\u2019enqu\u00eate&#8230; \u2013<\/p>\n<p>On poursuit et on peut lire au milieu de la page :<br \/>\n\u00ab\u00a0<strong><em>Pi\u00e9ton renvers\u00e9, gri\u00e8vement bless\u00e9<\/em><\/strong><br \/>\n<em>Cluis &#8211; Un homme de 50 ans a \u00e9t\u00e9 tr\u00e8s gri\u00e8vement bless\u00e9, dimanche soir, apr\u00e8s avoir \u00e9t\u00e9 renvers\u00e9 par une voiture. Il a \u00e9t\u00e9 transport\u00e9 au CHU de Poitiers.<\/em><br \/>\n<em>Les circonstances de l&rsquo;accident ne sont pas encore clairement \u00e9tablies. Les faits\u2009? Un homme de 50 ans rentrait chez lui, au lieu-dit \u00ab Neuville \u00bb, en empruntant, \u00e0 pied, la D38, route qui m\u00e8ne \u00e0 la commune d&rsquo;Orsennes. C&rsquo;est alors qu&rsquo;un v\u00e9hicule l&rsquo;a fauch\u00e9 et tr\u00e8s gri\u00e8vement bless\u00e9.<\/em><br \/>\n<em>\u00ab Les conditions de circulation n&rsquo;\u00e9taient pourtant pas d\u00e9favorables, au regard de la m\u00e9t\u00e9o, note Claude Minet, maire de Cluis. Le conducteur du v\u00e9hicule a-t-il \u00e9t\u00e9 aveugl\u00e9 par une autre voiture arrivant en face de lui\u2009? Tout est envisageable\u2026 \u00bb <\/em><br \/>\n<em>La victime \u00e9tait habill\u00e9e en noir et n&rsquo;aurait pas port\u00e9 de v\u00eatements r\u00e9fl\u00e9chissants, ce qui pourrait expliquer pourquoi le conducteur de la voiture ne l&rsquo;a pas vu. Mais ce sont les enqu\u00eateurs de la gendarmerie qui sont charg\u00e9s de d\u00e9terminer avec pr\u00e9cision ce qui s&rsquo;est pass\u00e9. La victime a \u00e9t\u00e9 imm\u00e9diatement transport\u00e9e par les pompiers vers le centre hospitalier de Ch\u00e2teauroux, o\u00f9 son \u00e9tat a justifi\u00e9, par la suite, un transfert vers le CHU de Poitiers.<\/em>\u00a0\u00bb<br \/>\n\u2013 La victime \u00e9tait habill\u00e9e en noir ? La gendarmerie m\u00e8ne l\u2019enqu\u00eate&#8230; \u2013<\/p>\n<p>Quelle sombre s\u00e9rie !<\/p>\n<p>On ne pourrait pas sortir de notre h\u00e9b\u00e9tude si la page 4 ne se concluait par ce petit article, en bas \u00e0 droite :<br \/>\n\u00ab\u00a0<strong><em>Stage &#8211; R\u00e9cup\u00e9rer des points du permis<\/em><\/strong><br \/>\n<em>L&rsquo;Automobile-Club Formations propose des stages de r\u00e9cup\u00e9ration de points du permis de conduire. Prochaine session, lundi 11 et mardi 12 avril, \u00e0 partir de 8\u2009h\u200930, \u00e0 l&rsquo;Agence d\u00e9veloppement \u00e9conomique de l&rsquo;Indre, \u00e0 D\u00e9ols. Inscriptions\u2009: t\u00e9l. &#8230; &#8230; &#8230;<\/em>\u00ab\u00a0<\/p>\n","protected":false},"excerpt":{"rendered":"<p>La rubrique \u00ab\u00a0faits divers\u00a0\u00bb des journaux, m\u00eame quand elle n&rsquo;est pas \u00e9crite \u00e0 Tulle par le jeune localier Tillinac, l\u00e8ve un peu le voile sur la myst\u00e9rieuse vie provinciale. La <a class=\"more-link\" href=\"https:\/\/carfree.fr\/index.php\/2016\/03\/21\/spleen-en-berry\/\">Lire la suite&#8230;<\/a><\/p>\n","protected":false},"author":1595,"featured_media":30712,"comment_status":"open","ping_status":"closed","sticky":false,"template":"","format":"standard","meta":[],"categories":[1038,9,7],"tags":[1703,996,420,195,578,444,178,144],"views":7671,"_links":{"self":[{"href":"https:\/\/carfree.fr\/index.php\/wp-json\/wp\/v2\/posts\/29656"}],"collection":[{"href":"https:\/\/carfree.fr\/index.php\/wp-json\/wp\/v2\/posts"}],"about":[{"href":"https:\/\/carfree.fr\/index.php\/wp-json\/wp\/v2\/types\/post"}],"author":[{"embeddable":true,"href":"https:\/\/carfree.fr\/index.php\/wp-json\/wp\/v2\/users\/1595"}],"replies":[{"embeddable":true,"href":"https:\/\/carfree.fr\/index.php\/wp-json\/wp\/v2\/comments?post=29656"}],"version-history":[{"count":0,"href":"https:\/\/carfree.fr\/index.php\/wp-json\/wp\/v2\/posts\/29656\/revisions"}],"wp:featuredmedia":[{"embeddable":true,"href":"https:\/\/carfree.fr\/index.php\/wp-json\/wp\/v2\/media\/30712"}],"wp:attachment":[{"href":"https:\/\/carfree.fr\/index.php\/wp-json\/wp\/v2\/media?parent=29656"}],"wp:term":[{"taxonomy":"category","embeddable":true,"href":"https:\/\/carfree.fr\/index.php\/wp-json\/wp\/v2\/categories?post=29656"},{"taxonomy":"post_tag","embeddable":true,"href":"https:\/\/carfree.fr\/index.php\/wp-json\/wp\/v2\/tags?post=29656"}],"curies":[{"name":"wp","href":"https:\/\/api.w.org\/{rel}","templated":true}]}}