{"id":29659,"date":"2016-04-29T08:39:11","date_gmt":"2016-04-29T07:39:11","guid":{"rendered":"http:\/\/carfree.fr\/?p=29659"},"modified":"2016-05-15T12:48:38","modified_gmt":"2016-05-15T11:48:38","slug":"trans-portez-vous-bien","status":"publish","type":"post","link":"https:\/\/carfree.fr\/index.php\/2016\/04\/29\/trans-portez-vous-bien\/","title":{"rendered":"Trans&#8230; portez-vous bien!"},"content":{"rendered":"<p>L&rsquo;Association R\u00e9gionale pour l&rsquo;Initiation \u00e0 la Nature et \u00e0 l&rsquo;Environnement en Alsace (ARIENA) a r\u00e9alis\u00e9 un cahier p\u00e9dagogique sur les transports. <!--more--><\/p>\n<p>Ce cahier a pour objectif d\u2019amener l\u2019enfant \u00e0 appr\u00e9hender la probl\u00e9matique environnementale li\u00e9e \u00e0 la mobilit\u00e9, \u00e0 \u00e9tablir des liens entre celle-ci, son cadre de vie et ses pratiques quotidiennes, \u00e0 \u00eatre en mesure d\u2019exp\u00e9rimenter les alternatives plus respectueuses de l\u2019environnement.<\/p>\n<p>Dans ce cahier, on trouve un dessin int\u00e9ressant qui explique comment on peut transporter 25 personnes, avec les cons\u00e9quences en fonction des modes de transport.<\/p>\n<p><img decoding=\"async\" loading=\"lazy\" src=\"http:\/\/carfree.fr\/img\/2016\/03\/transporter-25-personnes.jpg\" alt=\"transporter-25-personnes\" width=\"599\" height=\"557\" class=\"alignnone size-full wp-image-29661\" \/><\/p>\n<p>Il est possible d&rsquo;utiliser gratuitement le guide p\u00e9dagogique en version num\u00e9rique sur le lien suivant:<\/p>\n<p><a href=\"http:\/\/ariena.org\/project\/cahier-dariena-n4-transportez-vous-bien\/\" target=\"_blank\">http:\/\/ariena.org\/project\/cahier-dariena-n4-transportez-vous-bien\/<\/a><\/p>\n","protected":false},"excerpt":{"rendered":"<p>L&rsquo;Association R\u00e9gionale pour l&rsquo;Initiation \u00e0 la Nature et \u00e0 l&rsquo;Environnement en Alsace (ARIENA) a r\u00e9alis\u00e9 un cahier p\u00e9dagogique sur les transports.<\/p>\n","protected":false},"author":1390,"featured_media":30689,"comment_status":"open","ping_status":"closed","sticky":false,"template":"","format":"standard","meta":[],"categories":[4,9,72,8,7],"tags":[1192,640,588,308,134],"views":7475,"_links":{"self":[{"href":"https:\/\/carfree.fr\/index.php\/wp-json\/wp\/v2\/posts\/29659"}],"collection":[{"href":"https:\/\/carfree.fr\/index.php\/wp-json\/wp\/v2\/posts"}],"about":[{"href":"https:\/\/carfree.fr\/index.php\/wp-json\/wp\/v2\/types\/post"}],"author":[{"embeddable":true,"href":"https:\/\/carfree.fr\/index.php\/wp-json\/wp\/v2\/users\/1390"}],"replies":[{"embeddable":true,"href":"https:\/\/carfree.fr\/index.php\/wp-json\/wp\/v2\/comments?post=29659"}],"version-history":[{"count":0,"href":"https:\/\/carfree.fr\/index.php\/wp-json\/wp\/v2\/posts\/29659\/revisions"}],"wp:featuredmedia":[{"embeddable":true,"href":"https:\/\/carfree.fr\/index.php\/wp-json\/wp\/v2\/media\/30689"}],"wp:attachment":[{"href":"https:\/\/carfree.fr\/index.php\/wp-json\/wp\/v2\/media?parent=29659"}],"wp:term":[{"taxonomy":"category","embeddable":true,"href":"https:\/\/carfree.fr\/index.php\/wp-json\/wp\/v2\/categories?post=29659"},{"taxonomy":"post_tag","embeddable":true,"href":"https:\/\/carfree.fr\/index.php\/wp-json\/wp\/v2\/tags?post=29659"}],"curies":[{"name":"wp","href":"https:\/\/api.w.org\/{rel}","templated":true}]}}