{"id":2970,"date":"2009-05-15T22:54:55","date_gmt":"2009-05-15T21:54:55","guid":{"rendered":"http:\/\/carfree.fr\/?p=2970"},"modified":"2020-08-14T12:55:03","modified_gmt":"2020-08-14T11:55:03","slug":"liberte-egalite-gratuite-a-aubagne","status":"publish","type":"post","link":"https:\/\/carfree.fr\/index.php\/2009\/05\/15\/liberte-egalite-gratuite-a-aubagne\/","title":{"rendered":"Libert\u00e9, \u00e9galit\u00e9, gratuit\u00e9 \u00e0 Aubagne"},"content":{"rendered":"<p><img decoding=\"async\" loading=\"lazy\" title=\"liberte-egalite-gratuite-aubagne\" src=\"http:\/\/carfree.fr\/images\/liberte-egalite-gratuite-aubagne.jpg\" alt=\"liberte-egalite-gratuite-aubagne\" width=\"420\" height=\"200\" \/><\/p>\n<p>Libert\u00e9, \u00e9galit\u00e9, gratuit\u00e9. C&rsquo;est sous ce slogan que la Communaut\u00e9 d&rsquo;agglom\u00e9ration du Pays d&rsquo;Aubagne et de l&rsquo;Etoile (100.000 habitants) lance le 15 mai 2009 la gratuit\u00e9 sur l&rsquo;ensemble de son r\u00e9seau de bus. Une d\u00e9cision \u00ab r\u00e9volutionnaire \u00bb, de l&rsquo;avis de Daniel Fontaine, maire (PCF) d&rsquo;Aubagne, avec laquelle l&rsquo;agglo esp\u00e8re doubler le nombre de voyageurs sur son r\u00e9seau en 5 ans. <!--more--><\/p>\n<p>Nous l&rsquo;avions annonc\u00e9 le 23 f\u00e9vrier dernier,<a title=\"http:\/\/carfree.fr\/index.php\/2009\/02\/23\/lagglomeration-daubagne-adopte-la-gratuite-des-transports\/\" href=\"http:\/\/carfree.fr\/index.php\/2009\/02\/23\/lagglomeration-daubagne-adopte-la-gratuite-des-transports\/\" target=\"_self\"> l&rsquo;Agglom\u00e9ration d&rsquo;Aubagne adopte la gratuit\u00e9 des transports<\/a>. Et il s&rsquo;agit d&rsquo;une gratuit\u00e9 totale pour l&rsquo;ensemble des usagers, qu&rsquo;ils soient habitants de la communaut\u00e9 d&rsquo;agglom\u00e9ration d&rsquo;Aubagne ou d&rsquo;ailleurs.<\/p>\n<p>Le co\u00fbt estim\u00e9 du passage au tout gratuit est de 1,1 million d\u2019euros. Pour y faire face, l\u2019agglom\u00e9ration va s\u2019appuyer sur l&rsquo;augmentation du \u00ab\u00a0versement transport\u00a0\u00bb des entreprises de plus de neuf salari\u00e9s : gr\u00e2ce au r\u00e9cent passage de l&rsquo;agglom\u00e9ration dans la cat\u00e9gorie des agglom\u00e9rations de plus de 100.000 habitants, cette manne va augmenter de plus de 2 millions d&rsquo;euros, d\u00e8s 2009.<\/p>\n<p>\u00ab\u00a0C&rsquo;est le premier grand r\u00e9seau public de la fa\u00e7ade m\u00e9diterran\u00e9enne qui se lance dans cette aventure\u00a0\u00bb, se f\u00e9licite Alain Belviso (PCF), pr\u00e9sident de la communaut\u00e9 d&rsquo;agglom\u00e9ration du Pays d&rsquo;Aubagne et de l&rsquo;Etoile.<\/p>\n<p>Aubagne s&rsquo;est inspir\u00e9e de Ch\u00e2teauroux (Indre), o\u00f9 le r\u00e9seau de taille comparable est gratuit depuis 2001 : la fr\u00e9quentation y a tripl\u00e9 \u00e0 4 millions de voyageurs par an. Plusieurs autres villes ont d\u00e9j\u00e0 opt\u00e9 pour la gratuit\u00e9, comme Gap (Hautes-Alpes), Castres (Tarn) ou Compi\u00e8gne (Oise) qui l&rsquo;a r\u00e9alis\u00e9e depuis plus de trente ans.<\/p>\n<p>A l\u2019heure o\u00f9 les coeurs de villes et de villages sont de plus en plus engorg\u00e9s par le tout-voiture et dans un contexte national de pouvoir d\u2019achat malmen\u00e9, cette d\u00e9cision, c&rsquo;est s\u00fbr, peut repr\u00e9senter une solution adapt\u00e9e et efficace pour ce territoire et ses probl\u00e9matiques de d\u00e9placement.<\/p>\n<p>Mais s\u2019agissant des transports, Aubagne n\u2019en restera pas l\u00e0. D&rsquo;autres projets sont d\u00e9j\u00e0 en route: cr\u00e9ation d\u2019un tramway, r\u00e9ouverture de la voie de Valdonne, lancement d\u2019un plan v\u00e9los, multiplication des op\u00e9rations \u201cmarchons vers l\u2019\u00e9cole\u201d&#8230;<\/p>\n<p>Pour c\u00e9l\u00e9brer l&rsquo;\u00e9v\u00e9nement, une semaine de festivit\u00e9s, baptis\u00e9e \u00ab f\u00eate du soleil \u00bb, a \u00e9t\u00e9 organis\u00e9e. Elle sera ax\u00e9e, plus largement, sur le d\u00e9veloppement durable et solidaire. D\u00e9bats, projections, spectacles et visites sont ainsi pr\u00e9vus jusqu&rsquo;\u00e0 dimanche, o\u00f9 un pique-nique g\u00e9ant se tiendra sur le march\u00e9 d&rsquo;Aubagne. Un village d&rsquo;exposants oeuvrant dans diff\u00e9rents domaines (\u00e9co-habitat, d\u00e9chets, commerce \u00e9quitable) a \u00e9t\u00e9 install\u00e9 dans le centre-ville.<\/p>\n<p>Source: www.agglo-paysdaubagne.com<\/p>\n","protected":false},"excerpt":{"rendered":"<p>Libert\u00e9, \u00e9galit\u00e9, gratuit\u00e9. C&rsquo;est sous ce slogan que la Communaut\u00e9 d&rsquo;agglom\u00e9ration du Pays d&rsquo;Aubagne et de l&rsquo;Etoile (100.000 habitants) lance le 15 mai 2009 la gratuit\u00e9 sur l&rsquo;ensemble de son <a class=\"more-link\" href=\"https:\/\/carfree.fr\/index.php\/2009\/05\/15\/liberte-egalite-gratuite-a-aubagne\/\">Lire la suite&#8230;<\/a><\/p>\n","protected":false},"author":1560,"featured_media":2971,"comment_status":"open","ping_status":"open","sticky":false,"template":"","format":"standard","meta":[],"categories":[4,8],"tags":[469,247,102,292,306,189,328,640,241,382,163,37,172,248,131,98,34],"views":6997,"_links":{"self":[{"href":"https:\/\/carfree.fr\/index.php\/wp-json\/wp\/v2\/posts\/2970"}],"collection":[{"href":"https:\/\/carfree.fr\/index.php\/wp-json\/wp\/v2\/posts"}],"about":[{"href":"https:\/\/carfree.fr\/index.php\/wp-json\/wp\/v2\/types\/post"}],"author":[{"embeddable":true,"href":"https:\/\/carfree.fr\/index.php\/wp-json\/wp\/v2\/users\/1560"}],"replies":[{"embeddable":true,"href":"https:\/\/carfree.fr\/index.php\/wp-json\/wp\/v2\/comments?post=2970"}],"version-history":[{"count":0,"href":"https:\/\/carfree.fr\/index.php\/wp-json\/wp\/v2\/posts\/2970\/revisions"}],"wp:featuredmedia":[{"embeddable":true,"href":"https:\/\/carfree.fr\/index.php\/wp-json\/"}],"wp:attachment":[{"href":"https:\/\/carfree.fr\/index.php\/wp-json\/wp\/v2\/media?parent=2970"}],"wp:term":[{"taxonomy":"category","embeddable":true,"href":"https:\/\/carfree.fr\/index.php\/wp-json\/wp\/v2\/categories?post=2970"},{"taxonomy":"post_tag","embeddable":true,"href":"https:\/\/carfree.fr\/index.php\/wp-json\/wp\/v2\/tags?post=2970"}],"curies":[{"name":"wp","href":"https:\/\/api.w.org\/{rel}","templated":true}]}}