{"id":29849,"date":"2016-04-21T07:36:47","date_gmt":"2016-04-21T06:36:47","guid":{"rendered":"http:\/\/carfree.fr\/?p=29849"},"modified":"2016-05-15T13:54:59","modified_gmt":"2016-05-15T12:54:59","slug":"velo-ecole-du-20eme","status":"publish","type":"post","link":"https:\/\/carfree.fr\/index.php\/2016\/04\/21\/velo-ecole-du-20eme\/","title":{"rendered":"V\u00e9lo \u00c9cole du 20\u00e8me"},"content":{"rendered":"<p>Je lance \u00e0 mon tour ma tentative de financement par la foule, toujours dans l&rsquo;espoir de faire enfin d\u00e9marrer l&rsquo;activit\u00e9 de v\u00e9lo-\u00e9cole pour adultes dans mon quartier d\u00e9sh\u00e9rit\u00e9 \u00ab\u00a0politique de la ville\u00a0\u00bb, pudiquement d\u00e9nomm\u00e9 \u00ab\u00a0les portes du XX\u00e8me\u00a0\u00bb. <!--more--><\/p>\n<p>La v\u00e9lo-\u00e9cole du 20\u00e8me se donne pour but d&rsquo;apprendre \u00e0 des adultes qui n&rsquo;ont pas eu la chance d&rsquo;avoir un v\u00e9lo dans leur enfance \u00e0 se tenir en selle et \u00e0 apprivoiser ce magnifique outil d&rsquo;autonomie et de libert\u00e9.<\/p>\n<p>J&rsquo;ai choisi la plate-forme HelloAsso qui ne demande qu&rsquo;un pourboire, et d&rsquo;un montant libre. Je ne suis pas seulement \u00e0 la recherche d&rsquo;esp\u00e8ces sonnantes et tr\u00e9buchantes, mais \u00e9galement de bonnes volont\u00e9s qui aimeraient apprendre \u00e0 apprendre \u00e0 des adultes \u00e0 faire du v\u00e9lo, parce que ce n&rsquo;est pas aussi \u00e9vident que de mettre un gamin en selle, mais justement, ce qui n&rsquo;est pas facile est tellement gratifiant \u00e0 obtenir, n&rsquo;est-ce pas?<\/p>\n<p>Bref, si vous voulez donner un coup de pouce, cliquez ! <\/p>\n<p><a href=\"https:\/\/www.helloasso.com\/associations\/velo-ecole-du-20eme\" target=\"_blank\">https:\/\/www.helloasso.com\/associations\/velo-ecole-du-20eme<\/a><\/p>\n<p>Merci d&rsquo;avance.<\/p>\n<p>&#8212;<br \/>\nLe ciel vous tienne en joie<br \/>\nAnne-Lise <\/p>\n","protected":false},"excerpt":{"rendered":"<p>Je lance \u00e0 mon tour ma tentative de financement par la foule, toujours dans l&rsquo;espoir de faire enfin d\u00e9marrer l&rsquo;activit\u00e9 de v\u00e9lo-\u00e9cole pour adultes dans mon quartier d\u00e9sh\u00e9rit\u00e9 \u00ab\u00a0politique de <a class=\"more-link\" href=\"https:\/\/carfree.fr\/index.php\/2016\/04\/21\/velo-ecole-du-20eme\/\">Lire la suite&#8230;<\/a><\/p>\n","protected":false},"author":1416,"featured_media":30604,"comment_status":"open","ping_status":"closed","sticky":false,"template":"","format":"standard","meta":[],"categories":[4,7],"tags":[646,640,106,1664],"views":6988,"_links":{"self":[{"href":"https:\/\/carfree.fr\/index.php\/wp-json\/wp\/v2\/posts\/29849"}],"collection":[{"href":"https:\/\/carfree.fr\/index.php\/wp-json\/wp\/v2\/posts"}],"about":[{"href":"https:\/\/carfree.fr\/index.php\/wp-json\/wp\/v2\/types\/post"}],"author":[{"embeddable":true,"href":"https:\/\/carfree.fr\/index.php\/wp-json\/wp\/v2\/users\/1416"}],"replies":[{"embeddable":true,"href":"https:\/\/carfree.fr\/index.php\/wp-json\/wp\/v2\/comments?post=29849"}],"version-history":[{"count":0,"href":"https:\/\/carfree.fr\/index.php\/wp-json\/wp\/v2\/posts\/29849\/revisions"}],"wp:featuredmedia":[{"embeddable":true,"href":"https:\/\/carfree.fr\/index.php\/wp-json\/wp\/v2\/media\/30604"}],"wp:attachment":[{"href":"https:\/\/carfree.fr\/index.php\/wp-json\/wp\/v2\/media?parent=29849"}],"wp:term":[{"taxonomy":"category","embeddable":true,"href":"https:\/\/carfree.fr\/index.php\/wp-json\/wp\/v2\/categories?post=29849"},{"taxonomy":"post_tag","embeddable":true,"href":"https:\/\/carfree.fr\/index.php\/wp-json\/wp\/v2\/tags?post=29849"}],"curies":[{"name":"wp","href":"https:\/\/api.w.org\/{rel}","templated":true}]}}