{"id":29861,"date":"2016-04-26T09:07:10","date_gmt":"2016-04-26T08:07:10","guid":{"rendered":"http:\/\/carfree.fr\/?p=29861"},"modified":"2016-05-15T12:55:04","modified_gmt":"2016-05-15T11:55:04","slug":"festival-augustes-pedales-dans-tous-ses-etats","status":"publish","type":"post","link":"https:\/\/carfree.fr\/index.php\/2016\/04\/26\/festival-augustes-pedales-dans-tous-ses-etats\/","title":{"rendered":"Festival Augustes P\u00e9dales (dans tous ses \u00e9tats)"},"content":{"rendered":"<p>Pour sa sixi\u00e8me \u00e9dition, le festival Augustes p\u00e9dales fusionne avec Le V\u00e9lo dans tous ses \u00e9tats. Il aura lieu le Dimanche 1er Mai 2016 \u00e0 La Station-Th\u00e9\u00e2tre de la M\u00e9zi\u00e8re pr\u00e8s de Rennes. <!--more--><\/p>\n<p><strong>Randonn\u00e9e v\u00e9lo al\u00e9atoire \u00e0 orientation litt\u00e9raire<\/strong><\/p>\n<p>De 10h30 \u00e0 12h30, dans le cadre de la randonn\u00e9e v\u00e9lo al\u00e9atoire sur les routes du Val d&rsquo;Ille organis\u00e9e par le T.R.U.C. et dont le d\u00e9part aura lieu sur le parking du magasin de meubles Monnier, les com\u00e9diens Gwenael De Boodt, Marion Bourdain et Clotilde Gu\u00e9rineau donneront \u00e0 chaque \u00e9tape au travers de lectures d&rsquo;extraits d&rsquo;ouvrages de litt\u00e9rature de voyage et de fiction romanesque des indices permettant aux cyclistes de faire un choix entre plusieurs tron\u00e7ons d&rsquo;itin\u00e9raire.<\/p>\n<p>D\u00e9part \u00e0 10h30. Circuit de 20 km.<br \/>\n<strong><br \/>\nL&rsquo;Authomicide-club<\/strong><\/p>\n<p>De 14h \u00e0 15H, Gwenael De Boodt et Marion Bourdain liront dans le th\u00e9\u00e2tre \u00ab\u00a0L&rsquo;Authomicide-club,\u00a0\u00bb r\u00e9cit pamphl\u00e9taire d&rsquo;une r\u00e9union de chauffeurs automobiles v\u00eatus de peaux de b\u00eates exc\u00e9d\u00e9s par la pr\u00e9sence des pi\u00e9tons sur les routes du progr\u00e8s. Ce texte de 1905 fait partie d&rsquo;une anthologie d&rsquo;articles parus dans la presse de la \u00ab Belle \u00c9poque \u00bb r\u00e9unis sous le titre \u00ab\u00a0\u00c9craseurs : les m\u00e9faits de l&rsquo;automobile\u00a0\u00bb par le journaliste et \u00e9diteur Pierre Thiesset qui conf\u00e9rencera sur ce th\u00e8me apr\u00e8s la lecture.<\/p>\n<p>Dans le th\u00e9\u00e2tre, entr\u00e9e libre.<\/p>\n<p><strong>Ici et maintenant, spectacle tout public<\/strong><\/p>\n<p>De 15h30 \u00e0 16h30, le clown Simon Berger, de la Compagnie Vibrato m\u00e9canique, jouera dans le th\u00e9\u00e2tre \u00ab Ici et maintenant \u00bb, spectacle tout public dans lequel un humain, comme nous, nous dira notre lien quasi fusionnel aux machines et notre lien aux humains parfois oubli\u00e9 jusqu&rsquo;au jour o\u00f9 l&rsquo;engrenage commence \u00e0 grincer, o\u00f9 l&rsquo;horlogerie si bien huil\u00e9e se met \u00e0 d\u00e9railler.<\/p>\n<p>Dans le th\u00e9\u00e2tre. Entr\u00e9e: 3 Euros. R\u00e9servation au 06 41 56 47 01.<\/p>\n<p><strong>Lectures<\/strong><\/p>\n<p>De 17h30 \u00e0 18h, dans la salle Jarry, contig\u00fce au th\u00e9\u00e2tre, autour de la table de presse et au choix du public, de nouvelles lectures de textes sur la bicyclette seront faites par les com\u00e9diens et les com\u00e9diennes de La Station-Th\u00e9\u00e2tre. L&rsquo;int\u00e9gralit\u00e9 des ouvrages pourra \u00eatre consult\u00e9e sur place.<\/p>\n<p><strong>Carrousel cycliste<\/strong><\/p>\n<p>A 19h sur le parking Monnier, venez r\u00e9p\u00e9ter les mouvements chor\u00e9graphiques du carrousel cycliste qui sera p\u00e9dal\u00e9 dans la foul\u00e9e puis suivi d&rsquo;un bal \u00e0 bicyclette.<\/p>\n<p>Toute la journ\u00e9e : Atelier d&rsquo;aide \u00e0 la r\u00e9paration de bicyclettes, braderie v\u00e9lo, initiation au BMX, babysitting, bar et restauration, machine \u00e0 \u00e9tablir le record du millim\u00e8tre, v\u00e9lo-bar du Criporteur, essai de v\u00e9los couch\u00e9s et \u00e0 assistance \u00e9lectrique<\/p>\n<p>Organisation : Station-Th\u00e9\u00e2tre, T.R.U.C., CAC 21 et Val d&rsquo;Ille<br \/>\n<a href=\"http:\/\/stationtheatre.canalblog.com\" target=\"_blank\">http:\/\/stationtheatre.canalblog.com<\/a><br \/>\n<a href=\"https:\/\/www.facebook.com\/lastationtheatre\" target=\"_blank\">https:\/\/www.facebook.com\/lastationtheatre<\/a><\/p>\n","protected":false},"excerpt":{"rendered":"<p>Pour sa sixi\u00e8me \u00e9dition, le festival Augustes p\u00e9dales fusionne avec Le V\u00e9lo dans tous ses \u00e9tats. Il aura lieu le Dimanche 1er Mai 2016 \u00e0 La Station-Th\u00e9\u00e2tre de la M\u00e9zi\u00e8re <a class=\"more-link\" href=\"https:\/\/carfree.fr\/index.php\/2016\/04\/26\/festival-augustes-pedales-dans-tous-ses-etats\/\">Lire la suite&#8230;<\/a><\/p>\n","protected":false},"author":537,"featured_media":30609,"comment_status":"open","ping_status":"closed","sticky":false,"template":"","format":"standard","meta":[],"categories":[7],"tags":[611,646,711,334,1314,1664],"views":6187,"_links":{"self":[{"href":"https:\/\/carfree.fr\/index.php\/wp-json\/wp\/v2\/posts\/29861"}],"collection":[{"href":"https:\/\/carfree.fr\/index.php\/wp-json\/wp\/v2\/posts"}],"about":[{"href":"https:\/\/carfree.fr\/index.php\/wp-json\/wp\/v2\/types\/post"}],"author":[{"embeddable":true,"href":"https:\/\/carfree.fr\/index.php\/wp-json\/wp\/v2\/users\/537"}],"replies":[{"embeddable":true,"href":"https:\/\/carfree.fr\/index.php\/wp-json\/wp\/v2\/comments?post=29861"}],"version-history":[{"count":0,"href":"https:\/\/carfree.fr\/index.php\/wp-json\/wp\/v2\/posts\/29861\/revisions"}],"wp:featuredmedia":[{"embeddable":true,"href":"https:\/\/carfree.fr\/index.php\/wp-json\/wp\/v2\/media\/30609"}],"wp:attachment":[{"href":"https:\/\/carfree.fr\/index.php\/wp-json\/wp\/v2\/media?parent=29861"}],"wp:term":[{"taxonomy":"category","embeddable":true,"href":"https:\/\/carfree.fr\/index.php\/wp-json\/wp\/v2\/categories?post=29861"},{"taxonomy":"post_tag","embeddable":true,"href":"https:\/\/carfree.fr\/index.php\/wp-json\/wp\/v2\/tags?post=29861"}],"curies":[{"name":"wp","href":"https:\/\/api.w.org\/{rel}","templated":true}]}}