{"id":29874,"date":"2016-05-10T06:37:25","date_gmt":"2016-05-10T05:37:25","guid":{"rendered":"http:\/\/carfree.fr\/?p=29874"},"modified":"2020-08-17T17:32:12","modified_gmt":"2020-08-17T16:32:12","slug":"les-champs-elysees-reserves-aux-pietons-une-fois-par-mois","status":"publish","type":"post","link":"https:\/\/carfree.fr\/index.php\/2016\/05\/10\/les-champs-elysees-reserves-aux-pietons-une-fois-par-mois\/","title":{"rendered":"Les Champs-Elys\u00e9es r\u00e9serv\u00e9s aux pi\u00e9tons une fois par mois"},"content":{"rendered":"<p>Le dimanche 8 mai a marqu\u00e9 le 1er dimanche d\u00e9di\u00e9 \u00e0 la pi\u00e9tonisation de la plus belle avenue du monde, op\u00e9ration qui se renouvellera tous les mois. L&rsquo;occasion de d\u00e9couvrir les Champs-\u00c9lys\u00e9es sans voiture. <!--more--><\/p>\n<p>Vot\u00e9 au Conseil de Paris du mois de f\u00e9vrier dernier, le principe de la pi\u00e9tonisation de l&rsquo;avenue des Champs-Elys\u00e9es un dimanche par mois s&rsquo;appliquera \u00e0 compter du 8 mai. <\/p>\n<p>Le Conseil de Paris a \u00e9galement vot\u00e9 l&rsquo;\u00e9largissement \u00e0 tout Paris du p\u00e9rim\u00e8tre de la \u00abJourn\u00e9e sans voiture\u00bb le dimanche 25 septembre 2016, \u00e0 discuter avec la Pr\u00e9fecture de Police charg\u00e9e de la circulation.<\/p>\n<p>L&rsquo;op\u00e9ration avait \u00e9t\u00e9 r\u00e9alis\u00e9e pour la premi\u00e8re fois en septembre, mais dans un secteur restreint du centre de la capitale, sur les Champs-\u00c9lys\u00e9es et autour de la Tour Eiffel, sans compter les bois de Boulogne et Vincennes.<\/p>\n<p>Neuf nouveaux p\u00e9rim\u00e8tres de \u00ab<a title=\"Paris Respire Infos pratiques\" href=\"http:\/\/www.paris.fr\/services-et-infos-pratiques\/deplacements-et-stationnement\/deplacements\/paris-respire-2122\" target=\"_blank\">Paris Respire<\/a>\u00bb \u2013 pi\u00e9tionnisation de certaines rues tous les dimanches et jours f\u00e9ri\u00e9s \u2013 qui en compte d\u00e9j\u00e0 13, sont \u00e9galement envisag\u00e9s pour l&rsquo;\u00e9t\u00e9.<\/p>\n<p>Source: <a href=\"http:\/\/www.paris.fr\/champselyseespietons\" target=\"_blank\">paris.fr<\/a><\/p>\n<p><em>Photo: JB Gurliat<\/em><\/p>\n","protected":false},"excerpt":{"rendered":"<p>Le dimanche 8 mai a marqu\u00e9 le 1er dimanche d\u00e9di\u00e9 \u00e0 la pi\u00e9tonisation de la plus belle avenue du monde, op\u00e9ration qui se renouvellera tous les mois. L&rsquo;occasion de d\u00e9couvrir <a class=\"more-link\" href=\"https:\/\/carfree.fr\/index.php\/2016\/05\/10\/les-champs-elysees-reserves-aux-pietons-une-fois-par-mois\/\">Lire la suite&#8230;<\/a><\/p>\n","protected":false},"author":1390,"featured_media":30066,"comment_status":"open","ping_status":"closed","sticky":false,"template":"","format":"standard","meta":[],"categories":[4,9,5,7,70,3],"tags":[202,135,106,101],"views":9123,"_links":{"self":[{"href":"https:\/\/carfree.fr\/index.php\/wp-json\/wp\/v2\/posts\/29874"}],"collection":[{"href":"https:\/\/carfree.fr\/index.php\/wp-json\/wp\/v2\/posts"}],"about":[{"href":"https:\/\/carfree.fr\/index.php\/wp-json\/wp\/v2\/types\/post"}],"author":[{"embeddable":true,"href":"https:\/\/carfree.fr\/index.php\/wp-json\/wp\/v2\/users\/1390"}],"replies":[{"embeddable":true,"href":"https:\/\/carfree.fr\/index.php\/wp-json\/wp\/v2\/comments?post=29874"}],"version-history":[{"count":0,"href":"https:\/\/carfree.fr\/index.php\/wp-json\/wp\/v2\/posts\/29874\/revisions"}],"wp:featuredmedia":[{"embeddable":true,"href":"https:\/\/carfree.fr\/index.php\/wp-json\/wp\/v2\/media\/30066"}],"wp:attachment":[{"href":"https:\/\/carfree.fr\/index.php\/wp-json\/wp\/v2\/media?parent=29874"}],"wp:term":[{"taxonomy":"category","embeddable":true,"href":"https:\/\/carfree.fr\/index.php\/wp-json\/wp\/v2\/categories?post=29874"},{"taxonomy":"post_tag","embeddable":true,"href":"https:\/\/carfree.fr\/index.php\/wp-json\/wp\/v2\/tags?post=29874"}],"curies":[{"name":"wp","href":"https:\/\/api.w.org\/{rel}","templated":true}]}}