{"id":29878,"date":"2016-05-02T08:16:36","date_gmt":"2016-05-02T07:16:36","guid":{"rendered":"http:\/\/carfree.fr\/?p=29878"},"modified":"2018-07-02T08:52:11","modified_gmt":"2018-07-02T07:52:11","slug":"je-suis-gare-comme-une-merde","status":"publish","type":"post","link":"https:\/\/carfree.fr\/index.php\/2016\/05\/02\/je-suis-gare-comme-une-merde\/","title":{"rendered":"Je suis (gar\u00e9 comme) une merde"},"content":{"rendered":"<p>Vous aussi devenez acteur contre le stationnement g\u00eanant et dangereux des automobilistes. Pour participer au mouvement \u00ab\u00a0Gar\u00e9(e) comme une Merde\u00a0\u00bb, plusieurs possibilit\u00e9s s&rsquo;offrent \u00e0 vous. <!--more--><\/p>\n<p>Imprimez vous-m\u00eame le visuel en versions PDF ou PNG mises gratuitement \u00e0 disposition, soit sous forme d&rsquo;autocollants ou de tracts \u00e0 apposer sous l&rsquo;essuie-glaces.<\/p>\n<p>Version imprimable de l&rsquo;autocollant : [<a href=\"http:\/\/carfree.fr\/img\/2012\/12\/comme_une_merde.pdf\" target=\"_blank\">PDF<\/a>] ou [<a href=\"http:\/\/carfree.fr\/img\/2012\/12\/comme_une_merde.png\" target=\"_blank\">PNG<\/a>]<\/p>\n<p><img decoding=\"async\" loading=\"lazy\" class=\"alignnone size-full wp-image-29882\" src=\"http:\/\/carfree.fr\/img\/2016\/04\/lot_stickers-450x262.jpg\" alt=\"lot_stickers-450x262\" width=\"450\" height=\"262\" \/><\/p>\n<p>Si vous faites face \u00e0 un v\u00e9ritable sp\u00e9cialiste du stationnement sur voie cyclable, optez carr\u00e9ment pour la <strong>carte de stationnement exceptionnel sur les infrastructures cyclistes!<\/strong><\/p>\n<p><img decoding=\"async\" loading=\"lazy\" class=\"alignnone size-full wp-image-29881\" src=\"http:\/\/carfree.fr\/img\/2016\/04\/carte-stationnement-exceptionnel.jpg\" alt=\"carte-stationnement-exceptionnel\" width=\"600\" height=\"426\" \/><\/p>\n<p>Source: <a href=\"http:\/\/cyclurba.fr\/forum\/407234\/voitures-garn-es.html?discussionID=15999\" target=\"_blank\">http:\/\/cyclurba.fr\/forum\/407234\/voitures-garn-es.html?discussionID=15999<\/a><\/p>\n","protected":false},"excerpt":{"rendered":"<p>Vous aussi devenez acteur contre le stationnement g\u00eanant et dangereux des automobilistes. Pour participer au mouvement \u00ab\u00a0Gar\u00e9(e) comme une Merde\u00a0\u00bb, plusieurs possibilit\u00e9s s&rsquo;offrent \u00e0 vous.<\/p>\n","protected":false},"author":3,"featured_media":30478,"comment_status":"open","ping_status":"closed","sticky":false,"template":"","format":"standard","meta":[],"categories":[73,72,24],"tags":[1709,44,215,42],"views":26982,"_links":{"self":[{"href":"https:\/\/carfree.fr\/index.php\/wp-json\/wp\/v2\/posts\/29878"}],"collection":[{"href":"https:\/\/carfree.fr\/index.php\/wp-json\/wp\/v2\/posts"}],"about":[{"href":"https:\/\/carfree.fr\/index.php\/wp-json\/wp\/v2\/types\/post"}],"author":[{"embeddable":true,"href":"https:\/\/carfree.fr\/index.php\/wp-json\/wp\/v2\/users\/3"}],"replies":[{"embeddable":true,"href":"https:\/\/carfree.fr\/index.php\/wp-json\/wp\/v2\/comments?post=29878"}],"version-history":[{"count":0,"href":"https:\/\/carfree.fr\/index.php\/wp-json\/wp\/v2\/posts\/29878\/revisions"}],"wp:featuredmedia":[{"embeddable":true,"href":"https:\/\/carfree.fr\/index.php\/wp-json\/wp\/v2\/media\/30478"}],"wp:attachment":[{"href":"https:\/\/carfree.fr\/index.php\/wp-json\/wp\/v2\/media?parent=29878"}],"wp:term":[{"taxonomy":"category","embeddable":true,"href":"https:\/\/carfree.fr\/index.php\/wp-json\/wp\/v2\/categories?post=29878"},{"taxonomy":"post_tag","embeddable":true,"href":"https:\/\/carfree.fr\/index.php\/wp-json\/wp\/v2\/tags?post=29878"}],"curies":[{"name":"wp","href":"https:\/\/api.w.org\/{rel}","templated":true}]}}