{"id":29899,"date":"2016-05-11T08:14:42","date_gmt":"2016-05-11T07:14:42","guid":{"rendered":"http:\/\/carfree.fr\/?p=29899"},"modified":"2016-05-15T12:07:32","modified_gmt":"2016-05-15T11:07:32","slug":"propagande-automobile","status":"publish","type":"post","link":"https:\/\/carfree.fr\/index.php\/2016\/05\/11\/propagande-automobile\/","title":{"rendered":"Propagande automobile"},"content":{"rendered":"<p>C&rsquo;est un v\u00e9ritable scoop, nous avons pu avoir acc\u00e8s \u00e0 la future campagne de communication du lobby automobile. D\u00e9clin\u00e9e en 10 affiches grand format, cette campagne semble avoir pour but de redorer l&rsquo;image d\u00e9grad\u00e9e de l&rsquo;automobile dans la soci\u00e9t\u00e9. <!--more--><\/p>\n<p>Des hackeurs proches du mouvement Carfree ont r\u00e9ussi \u00e0 p\u00e9n\u00e9trer les serveurs du lobby automobile. Leur mot de passe \u00e9tait en effet trop facile \u00e0 casser (\u00ab\u00a0turbov8\u00a0\u00bb), ce qui nous a permis de d\u00e9couvrir en avant-premi\u00e8re leur prochaine campagne de communication.<\/p>\n<p>Voici les 10 affiches de communication que le lobby automobile s&rsquo;appr\u00eate \u00e0 diffuser massivement (ou pas&#8230;).<\/p>\n<p><a href=\"http:\/\/carfree.fr\/img\/2016\/05\/petrole.jpg\" target=\"_blank\"><img decoding=\"async\" loading=\"lazy\" class=\"alignnone size-full wp-image-29922\" src=\"http:\/\/carfree.fr\/img\/2016\/05\/petrole-min.jpg\" alt=\"petrole-min\" width=\"600\" height=\"774\" \/><\/a><br \/>\n<a href=\"http:\/\/carfree.fr\/img\/2016\/05\/petrole.jpg\" target=\"_blank\">A l&rsquo;attaque pour du p\u00e9trole bon march\u00e9 !<\/a><\/p>\n<p><a href=\"http:\/\/carfree.fr\/img\/2016\/05\/construisons-des-autoroutes.jpg\" target=\"_blank\"><img decoding=\"async\" loading=\"lazy\" class=\"alignnone size-full wp-image-29904\" src=\"http:\/\/carfree.fr\/img\/2016\/05\/construisons-des-autoroutes-min.jpg\" alt=\"construisons-des-autoroutes-min\" width=\"600\" height=\"411\" \/><\/a><br \/>\n<a href=\"http:\/\/carfree.fr\/img\/2016\/05\/construisons-des-autoroutes.jpg\" target=\"_blank\">Construisons des autoroutes au lance-roquettes !<\/a><\/p>\n<p><a href=\"http:\/\/carfree.fr\/img\/2016\/05\/education-cycliste.jpg\" target=\"_blank\"><img decoding=\"async\" loading=\"lazy\" class=\"alignnone size-full wp-image-29906\" src=\"http:\/\/carfree.fr\/img\/2016\/05\/education-cycliste-min.jpg\" alt=\"education-cycliste-min\" width=\"600\" height=\"405\" \/><\/a><br \/>\n<a href=\"http:\/\/carfree.fr\/img\/2016\/05\/education-cycliste.jpg\" target=\"_blank\">Automobiliste ! Un bon cycliste, \u00e7a s&rsquo;\u00e9duque !<\/a><\/p>\n<p><a href=\"http:\/\/carfree.fr\/img\/2016\/05\/bus-macron.jpg\" target=\"_blank\"><img decoding=\"async\" loading=\"lazy\" class=\"alignnone size-full wp-image-29908\" src=\"http:\/\/carfree.fr\/img\/2016\/05\/bus-macron-min.jpg\" alt=\"bus-macron-min\" width=\"600\" height=\"338\" \/><\/a><br \/>\n<a href=\"http:\/\/carfree.fr\/img\/2016\/05\/bus-macron.jpg\" target=\"_blank\">Rempla\u00e7ons les trains par des Bus Macron !<\/a><\/p>\n<p><a href=\"http:\/\/carfree.fr\/img\/2016\/05\/bombardons-les.jpg\" target=\"_blank\"><img decoding=\"async\" loading=\"lazy\" class=\"alignnone size-full wp-image-29910\" src=\"http:\/\/carfree.fr\/img\/2016\/05\/bombardons-les-min.jpg\" alt=\"bombardons-les-min\" width=\"600\" height=\"826\" \/><\/a><br \/>\n<a href=\"http:\/\/carfree.fr\/img\/2016\/05\/bombardons-les.jpg\" target=\"_blank\">Les \u00e9cologistes veulent d\u00e9truire votre vie ! Bombardons-les !<\/a><\/p>\n<p><a href=\"http:\/\/carfree.fr\/img\/2016\/05\/parking.jpg\" target=\"_blank\"><img decoding=\"async\" loading=\"lazy\" class=\"alignnone size-full wp-image-29912\" src=\"http:\/\/carfree.fr\/img\/2016\/05\/parking-min.jpg\" alt=\"parking-min\" width=\"600\" height=\"334\" \/><\/a><br \/>\n<a href=\"http:\/\/carfree.fr\/img\/2016\/05\/parking.jpg\" target=\"_blank\">Camarades, le parking est dans cette direction !<\/a><\/p>\n<p><a href=\"http:\/\/carfree.fr\/img\/2016\/05\/rien-ne-vaut-un-tank.jpg\" target=\"_blank\"><img decoding=\"async\" loading=\"lazy\" class=\"alignnone size-full wp-image-29914\" src=\"http:\/\/carfree.fr\/img\/2016\/05\/rien-ne-vaut-un-tank-min.jpg\" alt=\"rien-ne-vaut-un-tank-min\" width=\"600\" height=\"341\" \/><\/a><br \/>\n<a href=\"http:\/\/carfree.fr\/img\/2016\/05\/rien-ne-vaut-un-tank.jpg\" target=\"_blank\">Automobilistes! Rien ne vaut un Tank pour se d\u00e9placer en ville !<\/a><\/p>\n<p><a href=\"http:\/\/carfree.fr\/img\/2016\/05\/voiture-futur.jpg\" target=\"_blank\"><img decoding=\"async\" loading=\"lazy\" class=\"alignnone size-full wp-image-29916\" src=\"http:\/\/carfree.fr\/img\/2016\/05\/propagande-automobile-1.jpg\" alt=\"propagande-automobile\" width=\"600\" height=\"324\" \/><\/a><br \/>\n<a href=\"http:\/\/carfree.fr\/img\/2016\/05\/voiture-futur.jpg\" target=\"_blank\">La voiture c&rsquo;est le futur !<\/a><\/p>\n<p><a href=\"http:\/\/carfree.fr\/img\/2016\/05\/journee-sans-voiture.jpg\" target=\"_blank\"><img decoding=\"async\" loading=\"lazy\" class=\"alignnone size-full wp-image-29918\" src=\"http:\/\/carfree.fr\/img\/2016\/05\/journee-sans-voiture-min.jpg\" alt=\"journee-sans-voiture-min\" width=\"600\" height=\"393\" \/><\/a><br \/>\n<a href=\"http:\/\/carfree.fr\/img\/2016\/05\/journee-sans-voiture.jpg\" target=\"_blank\">Une journ\u00e9e sans voiture est une journ\u00e9e sans futur !<\/a><\/p>\n<p><a href=\"http:\/\/carfree.fr\/img\/2016\/05\/anne-hidalgo.jpg\" target=\"_blank\"><img decoding=\"async\" loading=\"lazy\" class=\"alignnone size-full wp-image-29920\" src=\"http:\/\/carfree.fr\/img\/2016\/05\/anne-hidalgo-min.jpg\" alt=\"anne-hidalgo-min\" width=\"600\" height=\"852\" \/><\/a><br \/>\n<a href=\"http:\/\/carfree.fr\/img\/2016\/05\/anne-hidalgo.jpg\" target=\"_blank\">Automobilistes parisiens! Anne Hidalgo veut d\u00e9truire votre vie !<\/a><\/p>\n","protected":false},"excerpt":{"rendered":"<p>C&rsquo;est un v\u00e9ritable scoop, nous avons pu avoir acc\u00e8s \u00e0 la future campagne de communication du lobby automobile. D\u00e9clin\u00e9e en 10 affiches grand format, cette campagne semble avoir pour but <a class=\"more-link\" href=\"https:\/\/carfree.fr\/index.php\/2016\/05\/11\/propagande-automobile\/\">Lire la suite&#8230;<\/a><\/p>\n","protected":false},"author":3,"featured_media":30453,"comment_status":"open","ping_status":"closed","sticky":false,"template":"","format":"standard","meta":[],"categories":[73,72,24],"tags":[1709,31,175,846,177,41],"views":12546,"_links":{"self":[{"href":"https:\/\/carfree.fr\/index.php\/wp-json\/wp\/v2\/posts\/29899"}],"collection":[{"href":"https:\/\/carfree.fr\/index.php\/wp-json\/wp\/v2\/posts"}],"about":[{"href":"https:\/\/carfree.fr\/index.php\/wp-json\/wp\/v2\/types\/post"}],"author":[{"embeddable":true,"href":"https:\/\/carfree.fr\/index.php\/wp-json\/wp\/v2\/users\/3"}],"replies":[{"embeddable":true,"href":"https:\/\/carfree.fr\/index.php\/wp-json\/wp\/v2\/comments?post=29899"}],"version-history":[{"count":0,"href":"https:\/\/carfree.fr\/index.php\/wp-json\/wp\/v2\/posts\/29899\/revisions"}],"wp:featuredmedia":[{"embeddable":true,"href":"https:\/\/carfree.fr\/index.php\/wp-json\/wp\/v2\/media\/30453"}],"wp:attachment":[{"href":"https:\/\/carfree.fr\/index.php\/wp-json\/wp\/v2\/media?parent=29899"}],"wp:term":[{"taxonomy":"category","embeddable":true,"href":"https:\/\/carfree.fr\/index.php\/wp-json\/wp\/v2\/categories?post=29899"},{"taxonomy":"post_tag","embeddable":true,"href":"https:\/\/carfree.fr\/index.php\/wp-json\/wp\/v2\/tags?post=29899"}],"curies":[{"name":"wp","href":"https:\/\/api.w.org\/{rel}","templated":true}]}}