{"id":305,"date":"2005-12-16T14:50:37","date_gmt":"2005-12-16T13:50:37","guid":{"rendered":"http:\/\/carfree.fr\/index.php\/2005\/12\/16\/polemique-sur-la-circulation-a-paris\/"},"modified":"2024-06-11T12:02:01","modified_gmt":"2024-06-11T11:02:01","slug":"polemique-sur-la-circulation-a-paris","status":"publish","type":"post","link":"https:\/\/carfree.fr\/index.php\/2005\/12\/16\/polemique-sur-la-circulation-a-paris\/","title":{"rendered":"Pol\u00e9mique sur la circulation \u00e0 Paris"},"content":{"rendered":"<p>La mairie victime de sa mod\u00e9ration ? Une \u00e9tude rendue publique par les \u00e9conomistes R\u00e9mi Prudhomme et Pierre Kopp, provoque une pol\u00e9mique entre la mairie de Paris et des politiques UMP et le lobby automobile. <!--more--><\/p>\n<p>Cette \u00e9tude d\u00e9nonce la politique des transports de Delano\u00eb. \u00ab Les embouteillages provoqu\u00e9s par cette politique auraient fait grimper la pollution et co\u00fbt\u00e9 un milliard d\u2019euros \u00bb. Voir le Parisien du jeudi 15 d\u00e9cembre 2005.<\/p>\n<p>La mairie crie \u00e0 la manipulation et le lobby automobile crie victoire. Qui a raison ? Sans doute personne sauf les auteurs de l\u2019\u00e9tude. En effet, les chiffres qu\u2019avancent les deux \u00e9conomistes sont probablement justes.<\/p>\n<p>En r\u00e9duisant la place de la voiture, par l\u2019\u00e9largissement des trottoirs et la cr\u00e9ation de couloirs de bus \u00e9largis sans r\u00e9duire le volume du trafic, la mairie de Paris a peut-\u00eatre obtenu l\u2019effet inverse recherch\u00e9. Les r\u00e9tr\u00e9cissements de voies provoquent, bouchons et ralentissements de la circulation, une perte de temps donc une perte d\u2019argent (1 milliard d\u2019apr\u00e8s l\u2019\u00e9tude) qui provoque une pollution suppl\u00e9mentaire (une voiture roulant \u00e0 15 km\/h pollue plus qu\u2019\u00e0 30 km\/h), etc.<\/p>\n<p>En fait, en ne faisant les choses qu\u2019\u00e0 moiti\u00e9, la mairie de Paris a aggrav\u00e9 la situation.<\/p>\n<p>Pour \u00eatre efficace, il aurait fallu accompagner les am\u00e9nagements par une r\u00e9duction importante du trafic d\u2019une mani\u00e8re contraignante et pas se contenter d\u2019incitation car les accros de la voiture sont t\u00eatus.<\/p>\n<p>Plusieurs solutions peuvent \u00eatre envisag\u00e9es qui ont fait leurs preuves dans d\u2019autres villes europ\u00e9ennes. Il y a la circulation altern\u00e9e qui, si elle est respect\u00e9e, r\u00e9duira le trafic de moiti\u00e9, l\u2019interdiction \u00e0 la circulation de transit dans les secteurs am\u00e9nag\u00e9s, la mise en place de p\u00e9ages \u00e0 l\u2019entr\u00e9e de Paris qui pourraient financer en partie la gratuit\u00e9 des transports en commun intra-muros, etc.<\/p>\n<p>En fait, comme d\u2019habitude, nos hommes politiques en voulant satisfaire tout le monde, se plantent. Les automobilistes sont une minorit\u00e9 \u00e0 Paris, 20% environ de la population. Ils polluent les 80% restant. Pourquoi les laisse t\u2019on asphyxier une des plus belles villes du monde, multiplier les maladies respiratoires (asthme), les cardiaques, les cancers, bousiller les monuments historiques et les immeubles qu\u2019il faut ravaler tous les 10 ans, rendre malade les arbres et multiplier les nuisances sonores et pour finir provoquer stress et accidents et enfin participer au r\u00e9chauffement climatique.<\/p>\n<p>Je pense que la mairie de Paris et la R\u00e9gion Ile de France ne doivent pas plier l\u2019\u00e9chine face \u00e0 cette \u00e9tude, mais bien au contraire profiter de celle-ci pour passer \u00e0 la vitesse sup\u00e9rieure dans la r\u00e9duction de la circulation automobile.<\/p>\n<p>Pierre.<br \/>\nUn cycliste parisien tr\u00e8s militant.<\/p>\n","protected":false},"excerpt":{"rendered":"<p>La mairie victime de sa mod\u00e9ration ? Une \u00e9tude rendue publique par les \u00e9conomistes R\u00e9mi Prudhomme et Pierre Kopp, provoque une pol\u00e9mique entre la mairie de Paris et des politiques <a class=\"more-link\" href=\"https:\/\/carfree.fr\/index.php\/2005\/12\/16\/polemique-sur-la-circulation-a-paris\/\">Lire la suite&#8230;<\/a><\/p>\n","protected":false},"author":11,"featured_media":46045,"comment_status":"open","ping_status":"open","sticky":false,"template":"","format":"standard","meta":[],"categories":[73],"tags":[1848,110,187,280,106,313,33,144],"views":3733,"_links":{"self":[{"href":"https:\/\/carfree.fr\/index.php\/wp-json\/wp\/v2\/posts\/305"}],"collection":[{"href":"https:\/\/carfree.fr\/index.php\/wp-json\/wp\/v2\/posts"}],"about":[{"href":"https:\/\/carfree.fr\/index.php\/wp-json\/wp\/v2\/types\/post"}],"author":[{"embeddable":true,"href":"https:\/\/carfree.fr\/index.php\/wp-json\/wp\/v2\/users\/11"}],"replies":[{"embeddable":true,"href":"https:\/\/carfree.fr\/index.php\/wp-json\/wp\/v2\/comments?post=305"}],"version-history":[{"count":0,"href":"https:\/\/carfree.fr\/index.php\/wp-json\/wp\/v2\/posts\/305\/revisions"}],"wp:featuredmedia":[{"embeddable":true,"href":"https:\/\/carfree.fr\/index.php\/wp-json\/wp\/v2\/media\/46045"}],"wp:attachment":[{"href":"https:\/\/carfree.fr\/index.php\/wp-json\/wp\/v2\/media?parent=305"}],"wp:term":[{"taxonomy":"category","embeddable":true,"href":"https:\/\/carfree.fr\/index.php\/wp-json\/wp\/v2\/categories?post=305"},{"taxonomy":"post_tag","embeddable":true,"href":"https:\/\/carfree.fr\/index.php\/wp-json\/wp\/v2\/tags?post=305"}],"curies":[{"name":"wp","href":"https:\/\/api.w.org\/{rel}","templated":true}]}}