{"id":319,"date":"2008-05-09T09:38:44","date_gmt":"2008-05-09T08:38:44","guid":{"rendered":"http:\/\/carfree.fr\/index.php\/2008\/05\/09\/pour-des-velos-liberes-de-la-publicite\/"},"modified":"2021-01-07T17:50:11","modified_gmt":"2021-01-07T16:50:11","slug":"pour-des-velos-liberes-de-la-publicite","status":"publish","type":"post","link":"https:\/\/carfree.fr\/index.php\/2008\/05\/09\/pour-des-velos-liberes-de-la-publicite\/","title":{"rendered":"Pour des v\u00e9los lib\u00e9r\u00e9s de la publicit\u00e9"},"content":{"rendered":"<p>L\u2019association R\u00e9sistance \u00e0 l\u2019agression publicitaire (R.A.P.) lance  une campagne intitul\u00e9e \u00ab Pour des v\u00e9los lib\u00e9r\u00e9s  de la publicit\u00e9.\u00bb Notre objectif n\u2019est pas de discuter l\u2019utilit\u00e9,  ni le succ\u00e8s du syst\u00e8me des v\u00e9los en libre service mais bien  d\u2019en d\u00e9noncer le mode de gestion et ses cons\u00e9quences.Nous souhaitons d\u2019une part, informer les citoyens sur le fonctionnement et    les contreparties de ces v\u00e9los en libre service (VLS) coupl\u00e9s    \u00e0 de la publicit\u00e9 d\u2019autre part, alerter les maires sur les dangers    de lier le march\u00e9 des VLS avec le march\u00e9 publicitaire et de les    inciter \u00e0 mettre en place un v\u00e9ritable service public de VLS. <!--more--><\/p>\n<p><strong>Si vous souhaitez r\u00e9agir ou agir<\/strong><\/p>\n<blockquote><p>\n  <a href=\"https:\/\/antipub.org\/\" target=\"_blank\">Lire<\/a> le \u00ab Manifeste pour des v\u00e9los lib\u00e9r\u00e9s    de la publicit\u00e9 \u00bb<br \/>\n  <a href=\"https:\/\/antipub.org\/\" target=\"_blank\" set=\"yes\" linkindex=\"29\" _base_target=\"_self\">Signer<\/a>    et diffuser le \u00ab Manifeste pour des v\u00e9los lib\u00e9r\u00e9s    de la publicit\u00e9 \u00bb pour les associations, collectifs, organisations    politiques ou la \u00ab p\u00e9tition pour des v\u00e9los lib\u00e9r\u00e9s    de la publicit\u00e9 \u00bb pour les citoyens,<br \/>\n  <a href=\"http:\/\/web.archive.org\/web\/20081226054157\/http:\/\/www.antipub.org:80\/actions\/index.php?page=vls\" target=\"_blank\" set=\"yes\" linkindex=\"30\" _base_target=\"_self\">Envoyer le dossier<\/a> sur les dangers de lier le service    de v\u00e9los en libre service au march\u00e9 publicitaire \u00e0 votre maire.\n<\/p><\/blockquote>\n","protected":false},"excerpt":{"rendered":"<p>L\u2019association R\u00e9sistance \u00e0 l\u2019agression publicitaire (R.A.P.) lance une campagne intitul\u00e9e \u00ab Pour des v\u00e9los lib\u00e9r\u00e9s de la publicit\u00e9.\u00bb Notre objectif n\u2019est pas de discuter l\u2019utilit\u00e9, ni le succ\u00e8s du syst\u00e8me <a class=\"more-link\" href=\"https:\/\/carfree.fr\/index.php\/2008\/05\/09\/pour-des-velos-liberes-de-la-publicite\/\">Lire la suite&#8230;<\/a><\/p>\n","protected":false},"author":211,"featured_media":41188,"comment_status":"open","ping_status":"open","sticky":false,"template":"","format":"standard","meta":[],"categories":[78],"tags":[1668,86,1664,317],"views":4011,"_links":{"self":[{"href":"https:\/\/carfree.fr\/index.php\/wp-json\/wp\/v2\/posts\/319"}],"collection":[{"href":"https:\/\/carfree.fr\/index.php\/wp-json\/wp\/v2\/posts"}],"about":[{"href":"https:\/\/carfree.fr\/index.php\/wp-json\/wp\/v2\/types\/post"}],"author":[{"embeddable":true,"href":"https:\/\/carfree.fr\/index.php\/wp-json\/wp\/v2\/users\/211"}],"replies":[{"embeddable":true,"href":"https:\/\/carfree.fr\/index.php\/wp-json\/wp\/v2\/comments?post=319"}],"version-history":[{"count":0,"href":"https:\/\/carfree.fr\/index.php\/wp-json\/wp\/v2\/posts\/319\/revisions"}],"wp:featuredmedia":[{"embeddable":true,"href":"https:\/\/carfree.fr\/index.php\/wp-json\/wp\/v2\/media\/41188"}],"wp:attachment":[{"href":"https:\/\/carfree.fr\/index.php\/wp-json\/wp\/v2\/media?parent=319"}],"wp:term":[{"taxonomy":"category","embeddable":true,"href":"https:\/\/carfree.fr\/index.php\/wp-json\/wp\/v2\/categories?post=319"},{"taxonomy":"post_tag","embeddable":true,"href":"https:\/\/carfree.fr\/index.php\/wp-json\/wp\/v2\/tags?post=319"}],"curies":[{"name":"wp","href":"https:\/\/api.w.org\/{rel}","templated":true}]}}