{"id":328,"date":"2006-03-14T10:38:30","date_gmt":"2006-03-14T09:38:30","guid":{"rendered":"http:\/\/carfree.fr\/index.php\/2006\/03\/14\/la-place-de-la-voiture-en-ville\/"},"modified":"2018-09-20T10:17:38","modified_gmt":"2018-09-20T09:17:38","slug":"la-place-de-la-voiture-en-ville","status":"publish","type":"post","link":"https:\/\/carfree.fr\/index.php\/2006\/03\/14\/la-place-de-la-voiture-en-ville\/","title":{"rendered":"La place de la voiture en ville"},"content":{"rendered":"<p>La place de la voiture en ville: Un psychiatre s&rsquo;inspire des d\u00e9munis qui marchent. <!--more--><\/p>\n<p>Chers amis,<\/p>\n<p>Je vous fais parvenir mes propositions pour un d\u00e9bat sur \u00ab\u00a0la place de la voiture en ville\u00a0\u00bb en partant de la position conceptuelle suivante: Je propose de nous int\u00e9resser aux plus d\u00e9munis et de nous identifier \u00e0 eux. Dans la mesure o\u00f9 ils passent une grande partie de leur temps \u00e0 marcher nous devrions nous inspirer de leurs r\u00e9actions&#8230;<\/p>\n<p>1) Transports gratuits pour les ch\u00f4meurs et les b\u00e9n\u00e9ficiaires des minimums sociaux<br \/>\n2) transports gratuits pour les demandeurs d&rsquo;asile, les b\u00e9n\u00e9ficiaires de la CMU et de l&rsquo; AME (Aide M\u00e9dicale d&rsquo; Etat)<br \/>\n3) Annulation ou r\u00e9duction des grands prix automobiles et des courses grand tourisme qui concernent une minorit\u00e9 de pratiquants dans le monde mais entretiennent un v\u00e9ritable culte de la vitesse et de la technologie.<br \/>\nJe pense notamment \u00e0 l&rsquo; anachronique et scandaleux Paris Dakar et au rallyes des Gazelles auquel participe notre d\u00e9nud\u00e9e Miss France<br \/>\n4) D\u00e9velopper plut\u00f4t en Afrique l&rsquo;esprit de comp\u00e9tition autour du v\u00e9lo (Tour cycliste du Burkina Faso, sans dopage mais avec gris-gris autoris\u00e9s)ou de la course \u00e0 pied en encourageant le sport de masse sans sacraliser le sport de haut niveau par l&rsquo;usage disproportionn\u00e9 de l&rsquo;argent et du nationalisme.<br \/>\n5) D\u00e9velopper d\u00e8s l&rsquo;\u00e9cole primaire une culture de l&rsquo;usage des transports en commun et du v\u00e9lo et de la marche \u00e0 pied en invitant \u00e0 l&rsquo;\u00e9cole des auteurs comme David Le Breton eu Franck Michel .<br \/>\n6) Faire comprendre aux jeunes que l&rsquo;on peut \u00eatre irr\u00e9sistible aupr\u00e8s des filles en v\u00e9lo (\u00e0 100 Euros) plut\u00f4t qu&rsquo;en solex, en mob ou en scooter (\u00e0 1500 Euros)<br \/>\n7) donner l&rsquo;exemple non pas aupr\u00e8s des filles (avec son v\u00e9lo) mais aupr\u00e8s des jeunes<br \/>\n8) D\u00e9velopper les communications avec les campagnes et pr\u00e9server le r\u00e9seau SNCF<br \/>\n9) R\u00e9duire la vitesse sur autoroutes \u00e0 60 Km \u00e0 l&rsquo; heure<br \/>\n10) M\u00e9diter le dicton \u00ab\u00a0Dieu a donn\u00e9 la montre aux Suisses et le temps aux Africains\u00a0\u00bb<br \/>\n11) D\u00e9velopper la pr\u00e9sence de chanteurs de rue dans les transports en commun pour r\u00e9duire l&rsquo;usage du walkman (qui isole) et la lecture (auto\u00e9rotique des journaux gratuits qui rend autiste)<\/p>\n<p>Dr Georges Yoram Federmann<br \/>\nCitoyen Psychiatre du Centre Ville<br \/>\nStrasbourg<\/p>\n","protected":false},"excerpt":{"rendered":"<p>La place de la voiture en ville: Un psychiatre s&rsquo;inspire des d\u00e9munis qui marchent.<\/p>\n","protected":false},"author":11,"featured_media":36657,"comment_status":"open","ping_status":"open","sticky":false,"template":"","format":"standard","meta":[],"categories":[4,127],"tags":[1709,128,303,133,105,34],"views":9341,"_links":{"self":[{"href":"https:\/\/carfree.fr\/index.php\/wp-json\/wp\/v2\/posts\/328"}],"collection":[{"href":"https:\/\/carfree.fr\/index.php\/wp-json\/wp\/v2\/posts"}],"about":[{"href":"https:\/\/carfree.fr\/index.php\/wp-json\/wp\/v2\/types\/post"}],"author":[{"embeddable":true,"href":"https:\/\/carfree.fr\/index.php\/wp-json\/wp\/v2\/users\/11"}],"replies":[{"embeddable":true,"href":"https:\/\/carfree.fr\/index.php\/wp-json\/wp\/v2\/comments?post=328"}],"version-history":[{"count":0,"href":"https:\/\/carfree.fr\/index.php\/wp-json\/wp\/v2\/posts\/328\/revisions"}],"wp:featuredmedia":[{"embeddable":true,"href":"https:\/\/carfree.fr\/index.php\/wp-json\/wp\/v2\/media\/36657"}],"wp:attachment":[{"href":"https:\/\/carfree.fr\/index.php\/wp-json\/wp\/v2\/media?parent=328"}],"wp:term":[{"taxonomy":"category","embeddable":true,"href":"https:\/\/carfree.fr\/index.php\/wp-json\/wp\/v2\/categories?post=328"},{"taxonomy":"post_tag","embeddable":true,"href":"https:\/\/carfree.fr\/index.php\/wp-json\/wp\/v2\/tags?post=328"}],"curies":[{"name":"wp","href":"https:\/\/api.w.org\/{rel}","templated":true}]}}