{"id":333,"date":"2005-11-03T12:21:00","date_gmt":"2005-11-03T11:21:00","guid":{"rendered":"http:\/\/carfree.fr\/index.php\/2005\/11\/03\/deux-chiffres-3000-et-5000\/"},"modified":"2025-01-07T11:18:45","modified_gmt":"2025-01-07T10:18:45","slug":"deux-chiffres-3000-et-5000","status":"publish","type":"post","link":"https:\/\/carfree.fr\/index.php\/2005\/11\/03\/deux-chiffres-3000-et-5000\/","title":{"rendered":"Deux chiffres: 3000 et 5000"},"content":{"rendered":"<p><span style=\"font-weight: bold;\">Deux chiffres: 3000 et 5000<\/span><\/p>\n<p><span style=\"font-weight: bold;\">3000 morts par an<\/span> li\u00e9s au \u00ab\u00a0tabagisme passif\u00a0\u00bb, c&rsquo;est le nombre total de morts repris par de nombreux m\u00e9dias ces derniers temps pour pr\u00e9senter et justifier le projet de loi actuel visant \u00e0 interdire d\u00e9finitivement la cigarette dans tous les lieux publics. <!--more--><\/p>\n<p><span style=\"font-weight: bold;\">5000 morts par an<\/span> li\u00e9s \u00e0 \u00ab\u00a0<a href=\"http:\/\/carfree.fr\/index.php\/2005\/04\/03\/automobilisme-passif\/\">l&rsquo;automobilisme passif<\/a>\u00ab\u00a0, c&rsquo;est le nombre total de morts caus\u00e9es uniquement par la pollution atmosph\u00e9rique provenant des voitures et camions en France. En effet, il est d\u00e9sormais clair que la fum\u00e9e des autos tue aussi. Cette estimation ne provient pas d&rsquo;un goupuscule quelconque d&rsquo;\u00e9cologistes, mais de la tr\u00e8s officielle Agence fran\u00e7aise de s\u00e9curit\u00e9 sanitaire environnementale (Afsse).<\/p>\n<p><span style=\"font-weight: bold;\">A quand un projet de loi visant \u00e0 interdire d\u00e9finitivement l&rsquo;automobile dans tous les lieux publics?<\/span><\/p>\n<p><img decoding=\"async\" loading=\"lazy\" class=\"alignnone size-full wp-image-40256\" src=\"http:\/\/carfree.fr\/img\/2005\/11\/stop_killing_smoke.gif\" alt=\"\" width=\"306\" height=\"361\" \/><br \/>\n<span style=\"font-size: 78%;\">&#8211; Pourquoi n&rsquo;arr\u00eates-tu pas de tuer les gens avec ta fum\u00e9e&#8230; cr\u00e9tin incons\u00e9quent<\/span><\/p>\n","protected":false},"excerpt":{"rendered":"<p>Deux chiffres: 3000 et 5000 3000 morts par an li\u00e9s au \u00ab\u00a0tabagisme passif\u00a0\u00bb, c&rsquo;est le nombre total de morts repris par de nombreux m\u00e9dias ces derniers temps pour pr\u00e9senter et <a class=\"more-link\" href=\"https:\/\/carfree.fr\/index.php\/2005\/11\/03\/deux-chiffres-3000-et-5000\/\">Lire la suite&#8230;<\/a><\/p>\n","protected":false},"author":18,"featured_media":37472,"comment_status":"open","ping_status":"open","sticky":false,"template":"","format":"standard","meta":[],"categories":[1037],"tags":[1848,33,320,178],"views":6805,"_links":{"self":[{"href":"https:\/\/carfree.fr\/index.php\/wp-json\/wp\/v2\/posts\/333"}],"collection":[{"href":"https:\/\/carfree.fr\/index.php\/wp-json\/wp\/v2\/posts"}],"about":[{"href":"https:\/\/carfree.fr\/index.php\/wp-json\/wp\/v2\/types\/post"}],"author":[{"embeddable":true,"href":"https:\/\/carfree.fr\/index.php\/wp-json\/wp\/v2\/users\/18"}],"replies":[{"embeddable":true,"href":"https:\/\/carfree.fr\/index.php\/wp-json\/wp\/v2\/comments?post=333"}],"version-history":[{"count":0,"href":"https:\/\/carfree.fr\/index.php\/wp-json\/wp\/v2\/posts\/333\/revisions"}],"wp:featuredmedia":[{"embeddable":true,"href":"https:\/\/carfree.fr\/index.php\/wp-json\/wp\/v2\/media\/37472"}],"wp:attachment":[{"href":"https:\/\/carfree.fr\/index.php\/wp-json\/wp\/v2\/media?parent=333"}],"wp:term":[{"taxonomy":"category","embeddable":true,"href":"https:\/\/carfree.fr\/index.php\/wp-json\/wp\/v2\/categories?post=333"},{"taxonomy":"post_tag","embeddable":true,"href":"https:\/\/carfree.fr\/index.php\/wp-json\/wp\/v2\/tags?post=333"}],"curies":[{"name":"wp","href":"https:\/\/api.w.org\/{rel}","templated":true}]}}