{"id":3340,"date":"2009-06-15T14:00:16","date_gmt":"2009-06-15T13:00:16","guid":{"rendered":"http:\/\/carfree.fr\/?p=3340"},"modified":"2016-09-19T12:25:30","modified_gmt":"2016-09-19T11:25:30","slug":"le-velo-cest-le-pied","status":"publish","type":"post","link":"https:\/\/carfree.fr\/index.php\/2009\/06\/15\/le-velo-cest-le-pied\/","title":{"rendered":"Le v\u00e9lo, c&rsquo;est le pied !"},"content":{"rendered":"<p>S\u00e9rie de photos prises dans la m\u00eame semaine au mois d&rsquo;avril en allant au boulot. Le v\u00e9lotaf c&rsquo;est vraiment le pied et le dimanche &#8230; p\u00e9dibus \ud83d\ude42<\/p>\n<p>Source: <a title=\"http:\/\/bipbip38.blogspot.com\/2009\/06\/cest-le-pied.html\" href=\"http:\/\/bipbip38.blogspot.com\/2009\/06\/cest-le-pied.html\" target=\"_blank\">http:\/\/bipbip38.blogspot.com<\/a><\/p>\n","protected":false},"excerpt":{"rendered":"<p>S\u00e9rie de photos prises dans la m\u00eame semaine au mois d&rsquo;avril en allant au boulot. Le v\u00e9lotaf c&rsquo;est vraiment le pied et le dimanche &#8230; p\u00e9dibus \ud83d\ude42 Source: http:\/\/bipbip38.blogspot.com<\/p>\n","protected":false},"author":37,"featured_media":37591,"comment_status":"open","ping_status":"open","sticky":false,"template":"","format":"standard","meta":[],"categories":[4,7],"tags":[295,646,318,667,1664],"views":3347,"_links":{"self":[{"href":"https:\/\/carfree.fr\/index.php\/wp-json\/wp\/v2\/posts\/3340"}],"collection":[{"href":"https:\/\/carfree.fr\/index.php\/wp-json\/wp\/v2\/posts"}],"about":[{"href":"https:\/\/carfree.fr\/index.php\/wp-json\/wp\/v2\/types\/post"}],"author":[{"embeddable":true,"href":"https:\/\/carfree.fr\/index.php\/wp-json\/wp\/v2\/users\/37"}],"replies":[{"embeddable":true,"href":"https:\/\/carfree.fr\/index.php\/wp-json\/wp\/v2\/comments?post=3340"}],"version-history":[{"count":0,"href":"https:\/\/carfree.fr\/index.php\/wp-json\/wp\/v2\/posts\/3340\/revisions"}],"wp:featuredmedia":[{"embeddable":true,"href":"https:\/\/carfree.fr\/index.php\/wp-json\/wp\/v2\/media\/37591"}],"wp:attachment":[{"href":"https:\/\/carfree.fr\/index.php\/wp-json\/wp\/v2\/media?parent=3340"}],"wp:term":[{"taxonomy":"category","embeddable":true,"href":"https:\/\/carfree.fr\/index.php\/wp-json\/wp\/v2\/categories?post=3340"},{"taxonomy":"post_tag","embeddable":true,"href":"https:\/\/carfree.fr\/index.php\/wp-json\/wp\/v2\/tags?post=3340"}],"curies":[{"name":"wp","href":"https:\/\/api.w.org\/{rel}","templated":true}]}}