{"id":3342,"date":"2009-06-16T05:47:30","date_gmt":"2009-06-16T04:47:30","guid":{"rendered":"http:\/\/carfree.fr\/?p=3342"},"modified":"2016-12-01T09:53:46","modified_gmt":"2016-12-01T08:53:46","slug":"la-dictature-automobile-le-film","status":"publish","type":"post","link":"https:\/\/carfree.fr\/index.php\/2009\/06\/16\/la-dictature-automobile-le-film\/","title":{"rendered":"La dictature automobile, le film"},"content":{"rendered":"<p>Quand on enl\u00e8ve leur voiture aux automobilistes, on prend pleinement conscience du caract\u00e8re militaire du syst\u00e8me automobile. Quand les pi\u00e9tons ont des comportements d&rsquo;automobiles, on se rend compte en effet \u00e0 quel point on vit sous le r\u00e8gne de la <a title=\"http:\/\/carfree.fr\/index.php\/2007\/09\/14\/la-dictature-automobile\/\" href=\"http:\/\/carfree.fr\/index.php\/2007\/09\/14\/la-dictature-automobile\/\" target=\"_self\">dictature automobile<\/a>&#8230; <!--more--><\/p>\n<p><iframe loading=\"lazy\" frameborder=\"0\" width=\"420\" height=\"320\" src=\"http:\/\/www.dailymotion.com\/embed\/video\/x3dwqh\"><\/iframe><br \/><a href=\"http:\/\/www.dailymotion.com\/video\/x3dwqh_la-vie-sans-voitures_auto\" target=\"_blank\">la vie sans voitures<\/a> <i>par <a href=\"http:\/\/www.dailymotion.com\/sabine974\" target=\"_blank\">sabine974<\/a><\/i><\/p>\n","protected":false},"excerpt":{"rendered":"<p>Quand on enl\u00e8ve leur voiture aux automobilistes, on prend pleinement conscience du caract\u00e8re militaire du syst\u00e8me automobile. Quand les pi\u00e9tons ont des comportements d&rsquo;automobiles, on se rend compte en effet <a class=\"more-link\" href=\"https:\/\/carfree.fr\/index.php\/2009\/06\/16\/la-dictature-automobile-le-film\/\">Lire la suite&#8230;<\/a><\/p>\n","protected":false},"author":71,"featured_media":38238,"comment_status":"open","ping_status":"open","sticky":false,"template":"","format":"standard","meta":[],"categories":[73],"tags":[639,300,196,101,41,246,648],"views":3473,"_links":{"self":[{"href":"https:\/\/carfree.fr\/index.php\/wp-json\/wp\/v2\/posts\/3342"}],"collection":[{"href":"https:\/\/carfree.fr\/index.php\/wp-json\/wp\/v2\/posts"}],"about":[{"href":"https:\/\/carfree.fr\/index.php\/wp-json\/wp\/v2\/types\/post"}],"author":[{"embeddable":true,"href":"https:\/\/carfree.fr\/index.php\/wp-json\/wp\/v2\/users\/71"}],"replies":[{"embeddable":true,"href":"https:\/\/carfree.fr\/index.php\/wp-json\/wp\/v2\/comments?post=3342"}],"version-history":[{"count":0,"href":"https:\/\/carfree.fr\/index.php\/wp-json\/wp\/v2\/posts\/3342\/revisions"}],"wp:featuredmedia":[{"embeddable":true,"href":"https:\/\/carfree.fr\/index.php\/wp-json\/wp\/v2\/media\/38238"}],"wp:attachment":[{"href":"https:\/\/carfree.fr\/index.php\/wp-json\/wp\/v2\/media?parent=3342"}],"wp:term":[{"taxonomy":"category","embeddable":true,"href":"https:\/\/carfree.fr\/index.php\/wp-json\/wp\/v2\/categories?post=3342"},{"taxonomy":"post_tag","embeddable":true,"href":"https:\/\/carfree.fr\/index.php\/wp-json\/wp\/v2\/tags?post=3342"}],"curies":[{"name":"wp","href":"https:\/\/api.w.org\/{rel}","templated":true}]}}