{"id":335,"date":"2005-09-22T12:26:06","date_gmt":"2005-09-22T11:26:06","guid":{"rendered":"http:\/\/carfree.fr\/index.php\/2005\/09\/22\/halte-aux-stationnements-abusifs\/"},"modified":"2025-01-07T10:13:40","modified_gmt":"2025-01-07T09:13:40","slug":"halte-aux-stationnements-abusifs","status":"publish","type":"post","link":"https:\/\/carfree.fr\/index.php\/2005\/09\/22\/halte-aux-stationnements-abusifs\/","title":{"rendered":"Halte aux stationnements abusifs"},"content":{"rendered":"<p>L&rsquo;association \u00ab\u00a0Pour une ville sans voiture\u00a0\u00bb organise une manifestation. <!--more--><\/p>\n<p><span style=\"font-weight: bold\"> <\/span><\/p>\n<p style=\"text-align: center\"><span style=\"font-weight: bold\"> \u00ab\u00a0J&rsquo;en ai pour deux minutes !\u00a0\u00bb<br \/>\nHalte aux stationnements abusifs!<br \/>\n<\/span> Le Samedi 24 septembre 2005 \u00e0 Lyon.<br \/>\nRendez-vous \u00e0 14 heures place de la com\u00e9die (devant l&rsquo;op\u00e9ra de Lyon)<\/p>\n<p>En partenariat avec  la ligue contre la violence routi\u00e8re, Droits du pi\u00e9ton et Pignon sur Rue.<\/p>\n<p>Denis Cheynet<\/p>\n<p><a title=\"http:\/\/denis.chey.net\/\" href=\"https:\/\/denis.chey.net\/\" target=\"_blank\" rel=\"noopener\">http:\/\/denis.chey.net\/<\/a><\/p>\n","protected":false},"excerpt":{"rendered":"<p>L&rsquo;association \u00ab\u00a0Pour une ville sans voiture\u00a0\u00bb organise une manifestation.<\/p>\n","protected":false},"author":160,"featured_media":46185,"comment_status":"open","ping_status":"open","sticky":false,"template":"","format":"standard","meta":[],"categories":[9,7],"tags":[1848,158,101,215,1664],"views":4211,"_links":{"self":[{"href":"https:\/\/carfree.fr\/index.php\/wp-json\/wp\/v2\/posts\/335"}],"collection":[{"href":"https:\/\/carfree.fr\/index.php\/wp-json\/wp\/v2\/posts"}],"about":[{"href":"https:\/\/carfree.fr\/index.php\/wp-json\/wp\/v2\/types\/post"}],"author":[{"embeddable":true,"href":"https:\/\/carfree.fr\/index.php\/wp-json\/wp\/v2\/users\/160"}],"replies":[{"embeddable":true,"href":"https:\/\/carfree.fr\/index.php\/wp-json\/wp\/v2\/comments?post=335"}],"version-history":[{"count":0,"href":"https:\/\/carfree.fr\/index.php\/wp-json\/wp\/v2\/posts\/335\/revisions"}],"wp:featuredmedia":[{"embeddable":true,"href":"https:\/\/carfree.fr\/index.php\/wp-json\/wp\/v2\/media\/46185"}],"wp:attachment":[{"href":"https:\/\/carfree.fr\/index.php\/wp-json\/wp\/v2\/media?parent=335"}],"wp:term":[{"taxonomy":"category","embeddable":true,"href":"https:\/\/carfree.fr\/index.php\/wp-json\/wp\/v2\/categories?post=335"},{"taxonomy":"post_tag","embeddable":true,"href":"https:\/\/carfree.fr\/index.php\/wp-json\/wp\/v2\/tags?post=335"}],"curies":[{"name":"wp","href":"https:\/\/api.w.org\/{rel}","templated":true}]}}