{"id":354,"date":"2008-01-28T12:15:45","date_gmt":"2008-01-28T11:15:45","guid":{"rendered":"http:\/\/carfree.fr\/index.php\/2008\/01\/28\/comment-realiser-des-amenagements-cyclables-la-nuit-en-milieu-urbain\/"},"modified":"2020-12-29T17:01:00","modified_gmt":"2020-12-29T16:01:00","slug":"comment-realiser-des-amenagements-cyclables-la-nuit-en-milieu-urbain","status":"publish","type":"post","link":"https:\/\/carfree.fr\/index.php\/2008\/01\/28\/comment-realiser-des-amenagements-cyclables-la-nuit-en-milieu-urbain\/","title":{"rendered":"Comment r\u00e9aliser des am\u00e9nagements cyclables la nuit en milieu urbain"},"content":{"rendered":"<p>Des petits v\u00e9los verts viennent d\u2019envahir la plan\u00e8te Mars\u2026<br \/>\nEt oui, toujours plus de v\u00e9los bien s\u00fbr\u2026 <!--more--><\/p>\n<p>On veut les voir fleurir et trouver leurs places dans les rues marseillaises. Oui, dans les rues et pas sur les trottoirs comme le voudraient ceux qui installent de suicidaires pistes cyclables (voir le Prado).<\/p>\n<p>Pour que la place des moyens de locomotion alternatifs soit enfin reconnue sur Mars, les petits v\u00e9los verts vont de nouveau prendre possession du bitume! A Marseille, l\u2019\u00e9quipe des services municipaux travaille donc d\u2019arrache-pied, m\u00eame la nuit, pour couvrir la ville d\u2019am\u00e9nagements cyclables. Un bon coup de peinture et la ville se couvre de vert!<\/p>\n<p>On attend vivement la publication d\u2019un guide m\u00e9thodologique \u201cComment r\u00e9aliser des am\u00e9nagements cyclables la nuit en milieu urbain\u201d\u2026<\/p>\n<p><img decoding=\"async\" loading=\"lazy\" class=\"alignnone size-full wp-image-39898\" src=\"http:\/\/carfree.fr\/img\/2008\/01\/realiser-une-bande-cyclable.jpg\" alt=\"\" width=\"400\" height=\"600\" \/><br \/>\n<span style=\"font-size: 85%;\">L\u2019\u00e9quipe des services municipaux en action\u2026<\/span><\/p>\n<p>Source : Autre Marseille<\/p>\n","protected":false},"excerpt":{"rendered":"<p>Des petits v\u00e9los verts viennent d\u2019envahir la plan\u00e8te Mars\u2026 Et oui, toujours plus de v\u00e9los bien s\u00fbr\u2026<\/p>\n","protected":false},"author":37,"featured_media":36648,"comment_status":"open","ping_status":"open","sticky":false,"template":"","format":"standard","meta":[],"categories":[7],"tags":[1709,146,204,1809,1664],"views":7205,"_links":{"self":[{"href":"https:\/\/carfree.fr\/index.php\/wp-json\/wp\/v2\/posts\/354"}],"collection":[{"href":"https:\/\/carfree.fr\/index.php\/wp-json\/wp\/v2\/posts"}],"about":[{"href":"https:\/\/carfree.fr\/index.php\/wp-json\/wp\/v2\/types\/post"}],"author":[{"embeddable":true,"href":"https:\/\/carfree.fr\/index.php\/wp-json\/wp\/v2\/users\/37"}],"replies":[{"embeddable":true,"href":"https:\/\/carfree.fr\/index.php\/wp-json\/wp\/v2\/comments?post=354"}],"version-history":[{"count":0,"href":"https:\/\/carfree.fr\/index.php\/wp-json\/wp\/v2\/posts\/354\/revisions"}],"wp:featuredmedia":[{"embeddable":true,"href":"https:\/\/carfree.fr\/index.php\/wp-json\/wp\/v2\/media\/36648"}],"wp:attachment":[{"href":"https:\/\/carfree.fr\/index.php\/wp-json\/wp\/v2\/media?parent=354"}],"wp:term":[{"taxonomy":"category","embeddable":true,"href":"https:\/\/carfree.fr\/index.php\/wp-json\/wp\/v2\/categories?post=354"},{"taxonomy":"post_tag","embeddable":true,"href":"https:\/\/carfree.fr\/index.php\/wp-json\/wp\/v2\/tags?post=354"}],"curies":[{"name":"wp","href":"https:\/\/api.w.org\/{rel}","templated":true}]}}