{"id":36916,"date":"2016-05-31T08:20:36","date_gmt":"2016-05-31T07:20:36","guid":{"rendered":"http:\/\/carfree.fr\/?p=36916"},"modified":"2020-09-30T09:40:34","modified_gmt":"2020-09-30T08:40:34","slug":"penurie-de-carburant-pensez-a-la-solution-velo","status":"publish","type":"post","link":"https:\/\/carfree.fr\/index.php\/2016\/05\/31\/penurie-de-carburant-pensez-a-la-solution-velo\/","title":{"rendered":"P\u00e9nurie de carburant : pensez \u00e0 la solution v\u00e9lo"},"content":{"rendered":"<p>L\u2019association marseillaise V\u00e9los en Ville compatit avec les automobilistes, les conducteurs de motos, et de scooters, p\u00e9nalis\u00e9s par la p\u00e9nurie de carburant qui frappe notre d\u00e9partement et la France depuis quelques jours. <!--more--><\/p>\n<p>Profitons de cette p\u00e9nurie pour adopter le mode de transport le plus performant pour les petits d\u00e9placements !<\/p>\n<p>D\u00e9j\u00e0, nous sommes plus de 3 millions en France \u00e0 utiliser notre v\u00e9lo chaque jour pour nous rendre sur notre lieu de travail. Pas besoin d\u2019\u00eatre un athl\u00e8te pour parcourir quelques kilom\u00e8tres en ville ou pour se rendre \u00e0 la gare la plus proche  pour terminer au besoin le trajet avec les transports en commun.<\/p>\n<p>Le v\u00e9lo conna\u00eet un renouveau dans la plupart des villes fran\u00e7aises et europ\u00e9ennes. Faire du v\u00e9lo procure \u00e0 peu de frais autonomie et bonne condition physique, c\u2019est le moyen le plus rapide pour se d\u00e9placer en agglom\u00e9ration pour les trajets inf\u00e9rieurs \u00e0 6km*.<\/p>\n<p>Finis les embouteillages, termin\u00e9e la recherche de places de stationnement.<\/p>\n<p>Utiliser un v\u00e9lo peut vous faire \u00e9conomiser la possession d\u2019une deuxi\u00e8me voiture dans une famille.<\/p>\n<p>Les TER de la r\u00e9gion PACA acceptent les v\u00e9los standards tous les jours sans suppl\u00e9ment de prix, hors des heures de pointe, et la compagnie de bus r\u00e9gionale permet g\u00e9n\u00e9ralement d\u2019embarquer des v\u00e9los dans la soute. Les v\u00e9los pliants sont toujours accept\u00e9s dans les TER et les soutes de bus, sans suppl\u00e9ment.<\/p>\n<p>Une tenue de rechange les jours trop chauds ou pluvieux permet d\u2019assurer sa journ\u00e9e de travail dans de bonnes conditions.<\/p>\n<p>Un v\u00e9lo \u00e0 assistance \u00e9lectrique peut vous \u00e9conomiser des efforts, vous permettre de franchir des c\u00f4tes qui vous semblent infranchissables ou d\u2019affronter le vent lorsqu\u2019il est de face.<br \/>\nRouler \u00e0 v\u00e9lo en ville  est 8 fois moins dangereux qu\u2019\u00e0 moto ou en scooter.<\/p>\n<p>Si votre entreprise le propose, vous pouvez m\u00eame b\u00e9n\u00e9ficier d\u2019une l\u2019indemnit\u00e9 kilom\u00e9trique v\u00e9lo.<\/p>\n<p>Alors oui, c\u2019est possible, essayez, nous y arrivons, vous pouvez le faire !<\/p>\n<p>Et si vous vous avez besoin d&rsquo;un peu d&rsquo;encouragement pour vous remettre au v\u00e9lo, ce dimanche 5 juin c&rsquo;est la F\u00eate du V\u00e9lo. L&rsquo;occasion r\u00eav\u00e9e pour se (re)mettre \u00e0 p\u00e9daler !<\/p>\n<p>Source: Velosenville Via <a href=\"https:\/\/www.heureux-cyclage.org\" target=\"_blank\">L&rsquo;Heureux Cyclage<\/a><\/p>\n<p>*ADEME : Agence De l&rsquo;Environnement et et de la Maitrise de l&rsquo;\u00c9nergie. <\/p>\n","protected":false},"excerpt":{"rendered":"<p>L\u2019association marseillaise V\u00e9los en Ville compatit avec les automobilistes, les conducteurs de motos, et de scooters, p\u00e9nalis\u00e9s par la p\u00e9nurie de carburant qui frappe notre d\u00e9partement et la France depuis <a class=\"more-link\" href=\"https:\/\/carfree.fr\/index.php\/2016\/05\/31\/penurie-de-carburant-pensez-a-la-solution-velo\/\">Lire la suite&#8230;<\/a><\/p>\n","protected":false},"author":289,"featured_media":36917,"comment_status":"open","ping_status":"closed","sticky":false,"template":"","format":"standard","meta":[],"categories":[6,7],"tags":[290,646,162,969,204,1664],"views":6599,"_links":{"self":[{"href":"https:\/\/carfree.fr\/index.php\/wp-json\/wp\/v2\/posts\/36916"}],"collection":[{"href":"https:\/\/carfree.fr\/index.php\/wp-json\/wp\/v2\/posts"}],"about":[{"href":"https:\/\/carfree.fr\/index.php\/wp-json\/wp\/v2\/types\/post"}],"author":[{"embeddable":true,"href":"https:\/\/carfree.fr\/index.php\/wp-json\/wp\/v2\/users\/289"}],"replies":[{"embeddable":true,"href":"https:\/\/carfree.fr\/index.php\/wp-json\/wp\/v2\/comments?post=36916"}],"version-history":[{"count":0,"href":"https:\/\/carfree.fr\/index.php\/wp-json\/wp\/v2\/posts\/36916\/revisions"}],"wp:featuredmedia":[{"embeddable":true,"href":"https:\/\/carfree.fr\/index.php\/wp-json\/wp\/v2\/media\/36917"}],"wp:attachment":[{"href":"https:\/\/carfree.fr\/index.php\/wp-json\/wp\/v2\/media?parent=36916"}],"wp:term":[{"taxonomy":"category","embeddable":true,"href":"https:\/\/carfree.fr\/index.php\/wp-json\/wp\/v2\/categories?post=36916"},{"taxonomy":"post_tag","embeddable":true,"href":"https:\/\/carfree.fr\/index.php\/wp-json\/wp\/v2\/tags?post=36916"}],"curies":[{"name":"wp","href":"https:\/\/api.w.org\/{rel}","templated":true}]}}