{"id":370,"date":"2005-04-25T09:00:20","date_gmt":"2005-04-25T08:00:20","guid":{"rendered":"http:\/\/carfree.fr\/index.php\/2005\/04\/25\/velo-et-politique\/"},"modified":"2024-02-27T16:32:55","modified_gmt":"2024-02-27T15:32:55","slug":"velo-et-politique","status":"publish","type":"post","link":"https:\/\/carfree.fr\/index.php\/2005\/04\/25\/velo-et-politique\/","title":{"rendered":"V\u00e9lo et politique"},"content":{"rendered":"<p><span style=\"font-weight: bold;\"><br \/>\nCamarade cycliste, choisis ton camp!<\/span><\/p>\n<p>Le v\u00e9lo urbain est un combat politique quotidien. A la suite du <a href=\"http:\/\/carfree.fr\/index.php\/2014\/01\/13\/lenine-et-la-bicyclette\/\" title=\"http:\/\/carfree.fr\/index.php\/2014\/01\/13\/lenine-et-la-bicyclette\/\">camarade v\u00e9lorutionnaire L\u00e9nine<\/a>, chaque cycliste peut choisir l\u2019orientation politique de son choix en fonction de sa pratique du v\u00e9lo et de ses tendances cyclo-politiques&#8230; <!--more--><\/p>\n<ul>\n<li>le cycliste marxiste-l\u00e9niniste : v\u00e9lo tous les jours (en th\u00e9orie);<\/li>\n<li>le cycliste trotskyste : v\u00e9lo tous les jours, au milieu de la route, pour forcer les voitures \u00e0 tomber;<\/li>\n<li>le cycliste stalinien : avec des esclaves qui le poussent dans la c\u00f4te;<\/li>\n<li>le cycliste brejn\u00e9vien : en disant haut et fort qu\u2019il fait le trajet en 5 minutes alors qu\u2019en r\u00e9alit\u00e9 il prend sa voiture;<\/li>\n<li>le cycliste stakhanoviste : allers-retours tous les jours en v\u00e9lo, plus les escaliers, les courses et pour le plaisir, un d\u00e9tour de 30 km;<\/li>\n<li>le cycliste capitaliste: avec un v\u00e9lo haute technologie, \u00e0 moteur pour les c\u00f4tes, et quand il ne pleut pas;<\/li>\n<li>le cycliste \u00e9cologiste: tous les jours avec un v\u00e9lo de r\u00e9cup, des sacoches pour les produits bio et une charrette pour les enfants;<\/li>\n<li>le cycliste socialiste: un jour sur deux, en tandem, pour les partisans du oui et du non \u00e0 la constitution europ\u00e9enne;<\/li>\n<li>le cycliste royaliste: en tandem 7 places pour toute la famille et une voiture avec chauffeur pour transporter les affaires;<\/li>\n<li>le cycliste anarchiste: de temps en temps, roule sur les trottoirs avec un v\u00e9lo vol\u00e9 pendant une manif;<\/li>\n<li>le cycliste ump\u00e9iste: avec un v\u00e9lo de fonction, une fois par an, devant les cam\u00e9ras;<\/li>\n<li>le cycliste souverainiste: avec un v\u00e9lo gitanes uniquement avec des pi\u00e8ces d\u2019origine.<\/li>\n<\/ul>\n<p>Si vous connaissez d\u2019autres tendances cyclo-politiques, n\u2019h\u00e9sitez pas \u00e0 poster un commentaire en bas de ce message.<\/p>\n<p>La V\u00e9lorution est en route!<\/p>\n<p><em>Photo: L\u00e9nine \u00e0 bicyclette<\/em><\/p>\n","protected":false},"excerpt":{"rendered":"<p>Camarade cycliste, choisis ton camp! Le v\u00e9lo urbain est un combat politique quotidien. A la suite du camarade v\u00e9lorutionnaire L\u00e9nine, chaque cycliste peut choisir l\u2019orientation politique de son choix en <a class=\"more-link\" href=\"https:\/\/carfree.fr\/index.php\/2005\/04\/25\/velo-et-politique\/\">Lire la suite&#8230;<\/a><\/p>\n","protected":false},"author":37,"featured_media":37429,"comment_status":"open","ping_status":"open","sticky":false,"template":"","format":"standard","meta":[],"categories":[7],"tags":[1848,1050,477,646,287,1051,1664,113],"views":4661,"_links":{"self":[{"href":"https:\/\/carfree.fr\/index.php\/wp-json\/wp\/v2\/posts\/370"}],"collection":[{"href":"https:\/\/carfree.fr\/index.php\/wp-json\/wp\/v2\/posts"}],"about":[{"href":"https:\/\/carfree.fr\/index.php\/wp-json\/wp\/v2\/types\/post"}],"author":[{"embeddable":true,"href":"https:\/\/carfree.fr\/index.php\/wp-json\/wp\/v2\/users\/37"}],"replies":[{"embeddable":true,"href":"https:\/\/carfree.fr\/index.php\/wp-json\/wp\/v2\/comments?post=370"}],"version-history":[{"count":0,"href":"https:\/\/carfree.fr\/index.php\/wp-json\/wp\/v2\/posts\/370\/revisions"}],"wp:featuredmedia":[{"embeddable":true,"href":"https:\/\/carfree.fr\/index.php\/wp-json\/wp\/v2\/media\/37429"}],"wp:attachment":[{"href":"https:\/\/carfree.fr\/index.php\/wp-json\/wp\/v2\/media?parent=370"}],"wp:term":[{"taxonomy":"category","embeddable":true,"href":"https:\/\/carfree.fr\/index.php\/wp-json\/wp\/v2\/categories?post=370"},{"taxonomy":"post_tag","embeddable":true,"href":"https:\/\/carfree.fr\/index.php\/wp-json\/wp\/v2\/tags?post=370"}],"curies":[{"name":"wp","href":"https:\/\/api.w.org\/{rel}","templated":true}]}}