{"id":37129,"date":"2016-06-22T08:12:47","date_gmt":"2016-06-22T07:12:47","guid":{"rendered":"http:\/\/carfree.fr\/?p=37129"},"modified":"2021-02-21T13:49:18","modified_gmt":"2021-02-21T12:49:18","slug":"la-pollution-de-lair-est-responsable-de-9-de-la-mortalite-en-france","status":"publish","type":"post","link":"https:\/\/carfree.fr\/index.php\/2016\/06\/22\/la-pollution-de-lair-est-responsable-de-9-de-la-mortalite-en-france\/","title":{"rendered":"La pollution de l&rsquo;air est responsable de 9 % de la mortalit\u00e9 en France"},"content":{"rendered":"<p>Une nouvelle \u00e9tude de Sant\u00e9 publique France (ex-Institut de veille sanitaire) explique que la pollution de l\u2019air est responsable de 48 000 morts chaque ann\u00e9e en France. En fait, c&rsquo;est pire que ce que l&rsquo;on croyait et sans doute encore sous-estim\u00e9 par rapport \u00e0 la r\u00e9alit\u00e9. <!--more--><\/p>\n<p>Les derniers chiffres en la mati\u00e8re parlaient de 42 000 morts par an \u00ab\u00a0seulement\u00a0\u00bb. On serait plus proche en r\u00e9alit\u00e9 des 48 000 morts, ce qui en fait la troisi\u00e8me cause de mortalit\u00e9 en France, derri\u00e8re le tabac (78 000 d\u00e9c\u00e8s) et l\u2019alcool (49 000 d\u00e9c\u00e8s). Un petit effort de la part des automobilistes, et on d\u00e9passera bient\u00f4t l&rsquo;alcool!<\/p>\n<p>Et encore, \u00ab <em>cet impact des particules fines sur la sant\u00e9 est probablement sous-estim\u00e9<\/em> \u00bb, selon Sylvia M\u00e9dina, coordinatrice du programme Air et sant\u00e9. \u00ab <em>Nous utilisons dans notre \u00e9tude les PM2,5 comme traceur, car il s\u2019agit de l\u2019indicateur de pollution le plus \u00e9tudi\u00e9 en termes d\u2019effets sur la sant\u00e9, mais la pollution atmosph\u00e9rique est un m\u00e9lange complexe de milliers de polluants qui interagissent<\/em> \u00bb, rappelle-t-elle.<\/p>\n<p>Donc, on ne parle ici que de la pollution de l&rsquo;air li\u00e9e \u00e0 un certain type de microparticules&#8230; Si on prenait en compte l&rsquo;ensemble des polluants dans l&rsquo;air et leurs multiples et complexes interactions, quel serait le v\u00e9ritable bilan? Personne ne le sait vraiment, faut-il multiplier ce chiffre par deux, par trois? Si \u00e7a se trouve, la pollution de l&rsquo;air fait d\u00e9j\u00e0 mieux que le tabac et l&rsquo;alcool r\u00e9unis!<\/p>\n<p>Dans le d\u00e9tail, tout le monde est touch\u00e9, ville ou campagne, jeunes ou vieux. Mais les effets de la pollution sont, sans surprise, plus importants dans les grandes villes: dans les zones urbaines de plus de 100 000 habitants, la perte d\u2019esp\u00e9rance de vie \u00e0 30 ans du fait des PM2,5 atteint quinze mois en moyenne, ce qui correspond \u00e0 26 000 morts annuelles.<\/p>\n<p>Perte d&rsquo;esp\u00e9rance de vie&#8230; c&rsquo;est le cas de le dire, il n&rsquo;y a plus vraiment d&rsquo;espoir. Se dire \u00e0 30 ans qu&rsquo;on va perdre 15 mois \u00ab\u00a0d&rsquo;esp\u00e9rance\u00a0\u00bb de vie du fait de la pollution de l&rsquo;air, c&rsquo;est plut\u00f4t d\u00e9sesp\u00e9rant.<\/p>\n<p>Et \u00e0 vrai dire, il n&rsquo;y a pas vraiment d&rsquo;\u00e9chappatoire, \u00e0 moins de vivre en ermite dans un trou perdu. Plus de 47 millions de personnes en France sont soumises \u00e0 une concentration moyenne annuelle de PM2,5 d\u00e9passant la valeur guide de l\u2019Organisation mondiale de la sant\u00e9 (OMS), soit 10 \u00b5g\/m3.<\/p>\n<p>Que faire alors? Sylvia M\u00e9dina appelle les d\u00e9cideurs \u00e0 s\u2019attaquer \u00e0 la pollution chronique, en r\u00e9duisant la d\u00e9pendance aux \u00e9nergies fossiles, en favorisant un usage du chauffage plus \u00e9cologique, en d\u00e9veloppant les modes doux de mobilit\u00e9 en ville&#8230;<\/p>\n<p>Source: <a href=\"http:\/\/www.lemonde.fr\/pollution\/article\/2016\/06\/21\/la-pollution-de-l-air-est-responsable-de-9-de-la-mortalite-en-france_4954518_1652666.html#0Tgfh2LVgXSjiDzk.99\" target=\"_blank\">Le Monde<\/a><\/p>\n<p><em>Edit f\u00e9vrier 2021: Selon les derni\u00e8res \u00e9tudes disponibles, la pollution de l&rsquo;air serait en fait \u00e0 l\u2019origine de <a href=\"http:\/\/carfree.fr\/index.php\/2021\/02\/19\/pollution-de-lair-100-000-morts-par-an-en-france\/\" rel=\"noopener\" target=\"_blank\">100.000 morts par an en France<\/a>, soit 17,3 % de l\u2019ensemble des d\u00e9c\u00e8s chaque ann\u00e9e.<\/em><\/p>\n","protected":false},"excerpt":{"rendered":"<p>Une nouvelle \u00e9tude de Sant\u00e9 publique France (ex-Institut de veille sanitaire) explique que la pollution de l\u2019air est responsable de 48 000 morts chaque ann\u00e9e en France. En fait, c&rsquo;est <a class=\"more-link\" href=\"https:\/\/carfree.fr\/index.php\/2016\/06\/22\/la-pollution-de-lair-est-responsable-de-9-de-la-mortalite-en-france\/\">Lire la suite&#8230;<\/a><\/p>\n","protected":false},"author":70,"featured_media":37130,"comment_status":"open","ping_status":"closed","sticky":false,"template":"","format":"standard","meta":[],"categories":[1037],"tags":[244,16,425,578,33,320],"views":8309,"_links":{"self":[{"href":"https:\/\/carfree.fr\/index.php\/wp-json\/wp\/v2\/posts\/37129"}],"collection":[{"href":"https:\/\/carfree.fr\/index.php\/wp-json\/wp\/v2\/posts"}],"about":[{"href":"https:\/\/carfree.fr\/index.php\/wp-json\/wp\/v2\/types\/post"}],"author":[{"embeddable":true,"href":"https:\/\/carfree.fr\/index.php\/wp-json\/wp\/v2\/users\/70"}],"replies":[{"embeddable":true,"href":"https:\/\/carfree.fr\/index.php\/wp-json\/wp\/v2\/comments?post=37129"}],"version-history":[{"count":0,"href":"https:\/\/carfree.fr\/index.php\/wp-json\/wp\/v2\/posts\/37129\/revisions"}],"wp:featuredmedia":[{"embeddable":true,"href":"https:\/\/carfree.fr\/index.php\/wp-json\/wp\/v2\/media\/37130"}],"wp:attachment":[{"href":"https:\/\/carfree.fr\/index.php\/wp-json\/wp\/v2\/media?parent=37129"}],"wp:term":[{"taxonomy":"category","embeddable":true,"href":"https:\/\/carfree.fr\/index.php\/wp-json\/wp\/v2\/categories?post=37129"},{"taxonomy":"post_tag","embeddable":true,"href":"https:\/\/carfree.fr\/index.php\/wp-json\/wp\/v2\/tags?post=37129"}],"curies":[{"name":"wp","href":"https:\/\/api.w.org\/{rel}","templated":true}]}}