{"id":37139,"date":"2016-07-01T06:51:31","date_gmt":"2016-07-01T05:51:31","guid":{"rendered":"http:\/\/carfree.fr\/?p=37139"},"modified":"2018-08-17T07:42:40","modified_gmt":"2018-08-17T06:42:40","slug":"quand-la-prevention-routiere-se-ridiculise","status":"publish","type":"post","link":"https:\/\/carfree.fr\/index.php\/2016\/07\/01\/quand-la-prevention-routiere-se-ridiculise\/","title":{"rendered":"Quand la Pr\u00e9vention routi\u00e8re se ridiculise"},"content":{"rendered":"<p>On savait que l&rsquo;association nomm\u00e9e \u00ab\u00a0<a href=\"https:\/\/www.preventionroutiere.asso.fr\/\" target=\"_blank\">Pr\u00e9vention Routi\u00e8re<\/a>\u00a0\u00bb \u00e9tait un faux-nez du lobby automobile, mais des d\u00e9clarations r\u00e9centes du pr\u00e9sident de la Pr\u00e9vention Routi\u00e8re de Haute-Savoie jettent un discr\u00e9dit profond sur l&rsquo;association nationale. <!--more--><\/p>\n<p>Charles Mercier-Guyon, pr\u00e9sident de la Pr\u00e9vention Routi\u00e8re 74, a tenu des propos inf\u00e2mes lors d&rsquo;une conf\u00e9rence de presse le 7 juin 2016 \u00e0 la mairie d\u2019Annecy, conf\u00e9rence de presse destin\u00e9e \u00e0 lancer une campagne de communication d\u2019Annecy sur le th\u00e8me \u00ab\u00a0<em>le code de la route, c\u2019est aussi pour les cyclistes<\/em>.\u00a0\u00bb<\/p>\n<p>Ces propos, rapport\u00e9s par un <a href=\"http:\/\/www.roule-co.org\/wp-content\/uploads\/2016\/06\/Article-DL-02juin16.pdf\" target=\"_blank\">article du Dauphin\u00e9 Lib\u00e9r\u00e9<\/a>, sont inacceptables de la part d&rsquo;un pr\u00e9sident d\u00e9partemental de la Pr\u00e9vention Routi\u00e8re et m\u00e9ritent des excuses de sa part ainsi qu&rsquo;un communiqu\u00e9 de l&rsquo;association nationale se d\u00e9solidarisant de tels propos.<\/p>\n<p>Quels sont ces propos? Parlant des cyclistes urbains qui transportent leurs enfants \u00e0 v\u00e9lo, en particulier avec des remorques, voici la d\u00e9claration de Charles Mercier-Guyon:<\/p>\n<blockquote><p><em><br \/>\nJe ne supporte pas qu&rsquo;au nom du militantisme, on envoie des enfants au feu! Le mystique prend alors le pas sur le r\u00e9alisme.\u00a0\u00bb<\/em><\/p><\/blockquote>\n<p>Selon ce monsieur, les parents qui emm\u00e8nent leurs enfants \u00e0 l&rsquo;\u00e9cole \u00e0 v\u00e9lo avec une remorque sont donc des \u00ab\u00a0mystiques\u00a0\u00bb qui envoient \u00ab\u00a0leurs enfants au feu\u00a0\u00bb&#8230; On peut constater le langage guerrier utilis\u00e9: on envoie les enfants \u00ab\u00a0au feu\u00a0\u00bb comme on envoyait les poilus \u00ab\u00a0au feu\u00a0\u00bb dans les tranch\u00e9es!<\/p>\n<p>En gros, nous sommes responsables d&rsquo;une boucherie, comme celle de Verdun probablement? Nous sommes des tueurs d&rsquo;enfants illumin\u00e9s par une sorte de \u00ab\u00a0mystique du militantisme\u00a0\u00bb&#8230; C&rsquo;est de la mauvaise propagande telle qu&rsquo;on en voyait justement lors de la premi\u00e8re guerre mondiale, quand on accusait les \u00ab\u00a0boches\u00a0\u00bb de couper les mains des enfants.<\/p>\n<p>Ce monsieur, cens\u00e9 \u00eatre le repr\u00e9sentant d\u00e9partemental de l&rsquo;association de \u00ab\u00a0pr\u00e9vention routi\u00e8re\u00a0\u00bb, nous explique ainsi que les cyclistes qui transportent leurs enfants \u00e0 v\u00e9lo sont responsables de leur mort en cas d&rsquo;accident. Pas un mot sur la responsabilit\u00e9 de l&rsquo;automobile, sur le fait que si un enfant meurt sur la route, il est tu\u00e9 non pas par un v\u00e9lo, mais par une voiture!<\/p>\n<p>Ces propos sont abjects et m\u00e9riteraient m\u00eame la d\u00e9mission de Charles Mercier-Guyon. Si la Pr\u00e9vention routi\u00e8re ne se d\u00e9solidarise pas de tels propos, nous saurons alors que cette association, financ\u00e9e en partie avec de l&rsquo;argent public, n&rsquo;a plus aucun cr\u00e9dit.<\/p>\n<p>Merci de diffuser largement sur les r\u00e9seaux sociaux cet article afin que le plus grand nombre prenne connaissance de ces propos. <\/p>\n<p>Marcel Robert<br \/>\nCarfree France<\/p>\n<p>PS: L&rsquo;association Roule &#038; Co qui est l&rsquo;association pour la promotion du v\u00e9lo comme moyen de d\u00e9placement sur Annecy et son agglom\u00e9ration a \u00e9galement d\u00e9nonc\u00e9 ces propos dans un <a href=\"http:\/\/www.roule-co.org\/comunique-de-presse\/\" target=\"_blank\">communiqu\u00e9 de presse<\/a>.<\/p>\n<p>Dessin: <a href=\"http:\/\/yehudamoon.com\/\" target=\"_blank\">http:\/\/yehudamoon.com\/<\/a><\/p>\n","protected":false},"excerpt":{"rendered":"<p>On savait que l&rsquo;association nomm\u00e9e \u00ab\u00a0Pr\u00e9vention Routi\u00e8re\u00a0\u00bb \u00e9tait un faux-nez du lobby automobile, mais des d\u00e9clarations r\u00e9centes du pr\u00e9sident de la Pr\u00e9vention Routi\u00e8re de Haute-Savoie jettent un discr\u00e9dit profond sur <a class=\"more-link\" href=\"https:\/\/carfree.fr\/index.php\/2016\/07\/01\/quand-la-prevention-routiere-se-ridiculise\/\">Lire la suite&#8230;<\/a><\/p>\n","protected":false},"author":18,"featured_media":37140,"comment_status":"open","ping_status":"closed","sticky":false,"template":"","format":"standard","meta":[],"categories":[1038,7],"tags":[438,646,177,744,757,178,1664,1764],"views":15000,"_links":{"self":[{"href":"https:\/\/carfree.fr\/index.php\/wp-json\/wp\/v2\/posts\/37139"}],"collection":[{"href":"https:\/\/carfree.fr\/index.php\/wp-json\/wp\/v2\/posts"}],"about":[{"href":"https:\/\/carfree.fr\/index.php\/wp-json\/wp\/v2\/types\/post"}],"author":[{"embeddable":true,"href":"https:\/\/carfree.fr\/index.php\/wp-json\/wp\/v2\/users\/18"}],"replies":[{"embeddable":true,"href":"https:\/\/carfree.fr\/index.php\/wp-json\/wp\/v2\/comments?post=37139"}],"version-history":[{"count":0,"href":"https:\/\/carfree.fr\/index.php\/wp-json\/wp\/v2\/posts\/37139\/revisions"}],"wp:featuredmedia":[{"embeddable":true,"href":"https:\/\/carfree.fr\/index.php\/wp-json\/wp\/v2\/media\/37140"}],"wp:attachment":[{"href":"https:\/\/carfree.fr\/index.php\/wp-json\/wp\/v2\/media?parent=37139"}],"wp:term":[{"taxonomy":"category","embeddable":true,"href":"https:\/\/carfree.fr\/index.php\/wp-json\/wp\/v2\/categories?post=37139"},{"taxonomy":"post_tag","embeddable":true,"href":"https:\/\/carfree.fr\/index.php\/wp-json\/wp\/v2\/tags?post=37139"}],"curies":[{"name":"wp","href":"https:\/\/api.w.org\/{rel}","templated":true}]}}