{"id":37142,"date":"2016-06-28T09:22:27","date_gmt":"2016-06-28T08:22:27","guid":{"rendered":"http:\/\/carfree.fr\/?p=37142"},"modified":"2019-05-28T14:55:56","modified_gmt":"2019-05-28T13:55:56","slug":"mon-velo-ma-remis-dans-mes-bottes-dhomme","status":"publish","type":"post","link":"https:\/\/carfree.fr\/index.php\/2016\/06\/28\/mon-velo-ma-remis-dans-mes-bottes-dhomme\/","title":{"rendered":"Mon v\u00e9lo m&rsquo;a remis dans mes bottes d&rsquo;homme"},"content":{"rendered":"<p>Suis-je encore homme apr\u00e8s une journ\u00e9e enti\u00e8re de bureau pass\u00e9e devant un ordinateur, coup\u00e9e d\u2019une br\u00e8ve pause d\u00e9jeuner employ\u00e9e \u00e0 m\u00e2chonner un sandwich les yeux toujours riv\u00e9s \u00e0 mon \u00e9cran ? Cela d\u00e9pend de l\u2019avant et de l\u2019apr\u00e8s. Si l\u2019avant-bureau a \u00e9t\u00e9 un combin\u00e9 \u00ab\u00a0maison, voiture, garage-souterrain, bureau, ordinateur\u00a0\u00bb et si l\u2019apr\u00e8s-bureau est l\u2019exact inverse, alors c\u2019est s\u00fbr, il ne reste pas beaucoup d\u2019humain \u00e0 la fin du jour. <!--more--><\/p>\n<p>Sylvain Tesson m\u00e9ditant sur la retraite h\u00e9ro\u00efque de la grande arm\u00e9e, mourant d\u2019\u00e9puisement, de faim et de froid en Russie \u00e9crit\u00a0: \u00ab\u00a0Nous autres, pauvres gar\u00e7ons du XXI\u00e8me si\u00e8cle, ne sommes-nous pas des nains\u00a0? Alanguis \u00e0 la mangrove du confort, pouvons-nous comprendre ces spectres de 1812\u00a0? Pouvions-nous vibrer des m\u00eames \u00e9lans, accepter les m\u00eames sacrifices\u00a0? Les comprendre seulement\u00a0?\u00a0\u00bb (1)<\/p>\n<p>C\u2019est vrai que cette r\u00e9alit\u00e9 est si loin des journ\u00e9es bureaucrates \u00ab\u00a0tout-machine-tout confort\u00a0\u00bb\u00a0: le caf\u00e9 coule tranquille dans la tasse, la voiture m\u00e8ne sans effort au travail, le bureau est climatis\u00e9 comme il faut, le fauteuil matelass\u00e9 accueille douillettement le s\u00e9ant. Or, un homme alangui est un homme de surface. D\u2019alanguissement en amollissement que reste-il de l\u2019homme\u00a0et de sa profondeur ? Pour rester connect\u00e9 \u00e0 son c\u0153ur profond, l\u2019homme peut-il vraiment se passer des d\u00e9fis du r\u00e9el\u00a0?<\/p>\n<p>Certains d\u00e9veloppent un m\u00e9canisme de survie en calant entre deux semaines folles, une course \u00e0 l\u2019air rebaptis\u00e9e pour l\u2019occasion \u00ab\u00a0running\u00a0\u00bb comme si la technique devait encore d\u00e9tacher une course \u00e0 pied du r\u00e9el. Sans compter ceux qui trottinent \u00e9couteurs viss\u00e9s dans les oreilles histoire d\u2019oublier que l\u2019on court et de freiner le jaillissement de pens\u00e9es int\u00e9rieures.<\/p>\n<p>Ne nous leurrons pas. Ces petits interm\u00e8des saccad\u00e9s s\u2019apparentent plus \u00e0 de la fuite qu\u2019\u00e0 de la r\u00e9appropriation de soi\u00a0: \u00ab\u00a0Ah, je les revois, ces citadins \u00e9puis\u00e9s par leurs vies de hasard et de n\u00e9cessit\u00e9s. (\u2026) Ils ont enterr\u00e9 leurs r\u00eaves sous le b\u00e9ton des projets. Et \u00e0 pr\u00e9sent\u00a0? Ils attendent le dimanche pour s\u2019\u00e9vader deux heures, fouler le bitume, ils s\u2019\u00e9puisent pour tenir en respect l\u2019envie de saborder le vaisseau et ils tentent de br\u00fbler les graisses autour de leurs abdominaux disparus dans les mangroves de la vie de bureau\u00a0\u00bb. (2)<\/p>\n<p>En revanche, si l\u2019avant ou l\u2019apr\u00e8s bureau est en mode v\u00e9lo, les m\u00e9ninges se reconnectent aux jambes, aux odeurs et aux \u00e9motions, gr\u00e2ce \u00e0 cette amiti\u00e9 r\u00e9guli\u00e8re avec les petits d\u00e9fis du r\u00e9el \u00e0 deux roues\u00a0: un froid piquant, un chemin escarp\u00e9, le vent de face, la route d\u00e9tremp\u00e9e. Et l\u2019intelligence n\u2019est pas en reste\u00a0: les id\u00e9es bloqu\u00e9es prennent de l\u2019\u00e9lan d\u2019un coup de p\u00e9dales, les probl\u00e8mes insolubles trouvent une issue favorable derri\u00e8re le guidon.<\/p>\n<p>Mon v\u00e9lo me remet dans mes bottes d\u2019homme. Pas \u00e9tonnant car \u00ab\u00a0La terre nous en apprend plus sur nous que tous les livres. Parce qu\u2019elle nous r\u00e9siste. L\u2019homme se d\u00e9couvre quand il se mesure avec l\u2019obstacle.\u00a0\u00bb\u00a0(3)<\/p>\n<p>Lo\u00efc TERTRAIS<\/p>\n<p>Illustration Bertrand Dosseur<\/p>\n<p>(1) Sylvain Tesson \u2013 B\u00e9r\u00e9zina (Editions Gu\u00e9rin -2015)<br \/>\n(2) Sylvain Tesson \u2013 S\u2019abandonner \u00e0 vivre (Gallimard -2015)<br \/>\n(3) Antoine de Saint Exup\u00e9ry &#8211; Terre des Hommes &#8211;<\/p>\n","protected":false},"excerpt":{"rendered":"<p>Suis-je encore homme apr\u00e8s une journ\u00e9e enti\u00e8re de bureau pass\u00e9e devant un ordinateur, coup\u00e9e d\u2019une br\u00e8ve pause d\u00e9jeuner employ\u00e9e \u00e0 m\u00e2chonner un sandwich les yeux toujours riv\u00e9s \u00e0 mon \u00e9cran <a class=\"more-link\" href=\"https:\/\/carfree.fr\/index.php\/2016\/06\/28\/mon-velo-ma-remis-dans-mes-bottes-dhomme\/\">Lire la suite&#8230;<\/a><\/p>\n","protected":false},"author":1666,"featured_media":33375,"comment_status":"open","ping_status":"closed","sticky":false,"template":"","format":"standard","meta":[],"categories":[7],"tags":[646,320,1664],"views":7714,"_links":{"self":[{"href":"https:\/\/carfree.fr\/index.php\/wp-json\/wp\/v2\/posts\/37142"}],"collection":[{"href":"https:\/\/carfree.fr\/index.php\/wp-json\/wp\/v2\/posts"}],"about":[{"href":"https:\/\/carfree.fr\/index.php\/wp-json\/wp\/v2\/types\/post"}],"author":[{"embeddable":true,"href":"https:\/\/carfree.fr\/index.php\/wp-json\/wp\/v2\/users\/1666"}],"replies":[{"embeddable":true,"href":"https:\/\/carfree.fr\/index.php\/wp-json\/wp\/v2\/comments?post=37142"}],"version-history":[{"count":0,"href":"https:\/\/carfree.fr\/index.php\/wp-json\/wp\/v2\/posts\/37142\/revisions"}],"wp:featuredmedia":[{"embeddable":true,"href":"https:\/\/carfree.fr\/index.php\/wp-json\/wp\/v2\/media\/33375"}],"wp:attachment":[{"href":"https:\/\/carfree.fr\/index.php\/wp-json\/wp\/v2\/media?parent=37142"}],"wp:term":[{"taxonomy":"category","embeddable":true,"href":"https:\/\/carfree.fr\/index.php\/wp-json\/wp\/v2\/categories?post=37142"},{"taxonomy":"post_tag","embeddable":true,"href":"https:\/\/carfree.fr\/index.php\/wp-json\/wp\/v2\/tags?post=37142"}],"curies":[{"name":"wp","href":"https:\/\/api.w.org\/{rel}","templated":true}]}}