{"id":37175,"date":"2016-07-12T07:19:10","date_gmt":"2016-07-12T06:19:10","guid":{"rendered":"http:\/\/carfree.fr\/?p=37175"},"modified":"2016-07-12T08:30:50","modified_gmt":"2016-07-12T07:30:50","slug":"penser-avec-ses-pieds-ou-faire-marcher-sa-tete","status":"publish","type":"post","link":"https:\/\/carfree.fr\/index.php\/2016\/07\/12\/penser-avec-ses-pieds-ou-faire-marcher-sa-tete\/","title":{"rendered":"Penser avec ses pieds ou faire marcher sa t\u00eate"},"content":{"rendered":"<p>Voici <a href=\"http:\/\/www.piecesetmaindoeuvre.com\/IMG\/pdf\/penser_avec_ses_pieds.pdf\" target=\"_blank\">quelques remarques d\u2019Olivier Serre<\/a> \u00e0 propos de la \u00ab voiture intelligente \u00bb (sans conducteur) et du \u00ab d\u00e9bat \u00e9thique \u00bb soulev\u00e9 par des universitaires, lequel se r\u00e9sume \u00e0: qui faut-il tuer en cas d\u2019extr\u00e9mit\u00e9, les pi\u00e9tons sur la chauss\u00e9e ou les passagers de la voiture ? <!--more--><\/p>\n<p>Pos\u00e9e ainsi, comme sujet de bac philo, et abondamment d\u00e9lay\u00e9e par les m\u00e9dias, cette question permet d\u2019en \u00e9liminer d\u2019autres beaucoup plus pertinentes et de mettre le pi\u00e9ton humain, sur la chauss\u00e9e ou dans la voiture, devant sa disparition prochaine. Pourquoi nous faudrait-il des voitures ? Quel est le bilan d\u2019un si\u00e8cle d\u2019industrie automobile ? Pourquoi les machines devraient-elles \u00eatre \u00ab intelligentes \u00bb ? Quelle est cette \u00e9trange \u00ab intelligence \u00bb qui semble fuir des hommes vers les machines ? Pourquoi le complexe scientifico-capitaliste s\u2019acharne-t-il \u00e0 \u00e9liminer la masse des hommes de toute activit\u00e9, au profit de syst\u00e8mes perfectionn\u00e9s ?<\/p>\n<p>Que ces brutes \u00e9lectroniques soient irr\u00e9m\u00e9diablement stupides et serviles ne fait aucun doute. Elles fonctionnent, voil\u00e0 tout. Le programme AlphaGo, cr\u00e9\u00e9 par Google, ignore qu\u2019il a battu le ma\u00eetre du jeu de Go ; il ne sait pas qu\u2019il joue. Il ne sait pas plus qu\u2019il existe qu\u2019une pierre ou qu\u2019une voiture qui \u00e9crase un homme. Les v\u00e9ritables \u00e9craseurs sont donc les concepteurs et les fabricants de machines \u00e0 \u00e9craser les hommes, et c\u2019est en vain qu\u2019on chercherait un autre but \u00e0 leur entreprise. Les machines \u00ab intelligentes \u00bb sont des cadres et des interm\u00e9diaires entre la technocratie dirigeante et la masse dirig\u00e9e, en attendant son \u00e9limination.<\/p>\n<p>Justement, et comme pour h\u00e2ter cette rel\u00e8ve du personnel humain par la machinerie \u00ab intelligente \u00bb, on voit chuter de quatre points, entre 1999 et 2009, le quotient intellectuel (QI) moyen en France. (cf Le Monde, 21 juin 2016) M\u00eame d\u00e9ficit en Norv\u00e8ge, au Danemark, au Royaume-Uni, aux Pays-Bas, en Australie, en Su\u00e8de, en Finlande. \u00ab Les trois fonctions cognitives test\u00e9es (repr\u00e9sentation des formes, arithm\u00e9tique, raisonnement verbal) sont toutes en r\u00e9gression. \u00bb<\/p>\n<p>Passons sur cette repr\u00e9sentation quantifi\u00e9e de l\u2019intelligence, r\u00e9ductrice et morcel\u00e9e, qui en dit plus long sur celle des scientifiques que sur celle des populations. Reste une \u00e9norme d\u00e9perdition des \u00ab fonctions cognitives \u00bb. Eh quoi ! Vous ne pensiez tout de m\u00eame pas que les \u00e9pid\u00e9mies de cancers et de st\u00e9rilit\u00e9 seraient les seuls effets de l\u2019empoisonnement chimique du milieu ? La pollution concourt aussi \u00e0 l\u2019abrutissement g\u00e9n\u00e9ral, avec l\u2019alimentation industrielle, l\u2019addiction m\u00e9diatique et la destruction des lieux de transmission (famille, \u00e9cole, soci\u00e9t\u00e9s). (cf. Le Cerveau endommag\u00e9, Barbara Demeneix. Editions Odile Jacob)<\/p>\n<p>Mais rassurez-vous, votre \u00ab voiture intelligente \u00bb n\u2019aura pas besoin de vous \u00e0 bord pour aller faire un tour avec ses copines, vous pouvez disposer.<\/p>\n<p>Quant \u00e0 la technocratie, avec les modifications g\u00e9n\u00e9tiques (d\u00e9j\u00e0 \u00e0 l\u2019\u0153uvre en Chine), la reproduction artificielle de l\u2019humain (d\u00e9j\u00e0 \u00e0 l\u2019\u0153uvre partout) et ses diverses technologies d\u2019\u00ab augmentation \u00bb, elle compte bien sortir seule, et triomphante, du sabordage de l\u2019esp\u00e8ce par elle organis\u00e9. (cf. Nature &#038; Progr\u00e8s n\u00b0108, \u00e9t\u00e9 2016 ; La reproduction artificielle de l\u2019humain, A. Escudero. Ed. Le Monde \u00e0 l\u2019envers)<\/p>\n<p><a href=\"http:\/\/www.piecesetmaindoeuvre.com\/IMG\/pdf\/penser_avec_ses_pieds.pdf\" target=\"_blank\">Penser avec ses pieds Version pr\u00eate \u00e0 circuler 114.1 ko<\/a><\/p>\n<p><em>Olivier Serre, qui fut doctorant au CEA de Grenoble, est d\u00e9sormais aubergiste dans une vall\u00e9e proche. Il a quelquefois \u00e9crit sur Pi\u00e8ces et main d\u2019\u0153uvre.<\/em><\/p>\n<p>Source: <a href=\"http:\/\/www.piecesetmaindoeuvre.com\/\" target=\"_blank\">http:\/\/www.piecesetmaindoeuvre.com\/<\/a><\/p>\n","protected":false},"excerpt":{"rendered":"<p>Voici quelques remarques d\u2019Olivier Serre \u00e0 propos de la \u00ab voiture intelligente \u00bb (sans conducteur) et du \u00ab d\u00e9bat \u00e9thique \u00bb soulev\u00e9 par des universitaires, lequel se r\u00e9sume \u00e0: qui <a class=\"more-link\" href=\"https:\/\/carfree.fr\/index.php\/2016\/07\/12\/penser-avec-ses-pieds-ou-faire-marcher-sa-tete\/\">Lire la suite&#8230;<\/a><\/p>\n","protected":false},"author":1594,"featured_media":37192,"comment_status":"open","ping_status":"closed","sticky":false,"template":"","format":"standard","meta":[],"categories":[73],"tags":[1709,11,829,150,1681,148],"views":9765,"_links":{"self":[{"href":"https:\/\/carfree.fr\/index.php\/wp-json\/wp\/v2\/posts\/37175"}],"collection":[{"href":"https:\/\/carfree.fr\/index.php\/wp-json\/wp\/v2\/posts"}],"about":[{"href":"https:\/\/carfree.fr\/index.php\/wp-json\/wp\/v2\/types\/post"}],"author":[{"embeddable":true,"href":"https:\/\/carfree.fr\/index.php\/wp-json\/wp\/v2\/users\/1594"}],"replies":[{"embeddable":true,"href":"https:\/\/carfree.fr\/index.php\/wp-json\/wp\/v2\/comments?post=37175"}],"version-history":[{"count":0,"href":"https:\/\/carfree.fr\/index.php\/wp-json\/wp\/v2\/posts\/37175\/revisions"}],"wp:featuredmedia":[{"embeddable":true,"href":"https:\/\/carfree.fr\/index.php\/wp-json\/wp\/v2\/media\/37192"}],"wp:attachment":[{"href":"https:\/\/carfree.fr\/index.php\/wp-json\/wp\/v2\/media?parent=37175"}],"wp:term":[{"taxonomy":"category","embeddable":true,"href":"https:\/\/carfree.fr\/index.php\/wp-json\/wp\/v2\/categories?post=37175"},{"taxonomy":"post_tag","embeddable":true,"href":"https:\/\/carfree.fr\/index.php\/wp-json\/wp\/v2\/tags?post=37175"}],"curies":[{"name":"wp","href":"https:\/\/api.w.org\/{rel}","templated":true}]}}