{"id":37229,"date":"2016-08-17T08:28:49","date_gmt":"2016-08-17T07:28:49","guid":{"rendered":"http:\/\/carfree.fr\/?p=37229"},"modified":"2020-09-03T08:20:19","modified_gmt":"2020-09-03T07:20:19","slug":"imaginons-une-ville-sans-voiture-et-a-velo","status":"publish","type":"post","link":"https:\/\/carfree.fr\/index.php\/2016\/08\/17\/imaginons-une-ville-sans-voiture-et-a-velo\/","title":{"rendered":"Imaginons une ville sans voiture et \u00e0 v\u00e9lo"},"content":{"rendered":"<p>En France, un salari\u00e9 sur deux effectuerait moins de 8 km pour se rendre \u00e0 son travail, et un trajet sur deux se ferait sur moins de 3 km. Dans notre pays, le v\u00e9lo n&rsquo;y est principalement utilis\u00e9 que pour le sport et les loisirs le week-end et durant les vacances. Tr\u00e8s peu comme mode de transport. <!--more--><\/p>\n<p>Or, en v\u00e9lo on peut tout faire, tout transporter (avec panier, sacoches, caddie ou remorque), parcourir n&rsquo;importe quelle distance et, en ville, plus rapidement qu&rsquo;en voiture.<\/p>\n<p>Alors r\u00eavons un peu, imaginons une ville sans voiture o\u00f9 les gens ne se d\u00e9placeraient qu&rsquo;\u00e0 v\u00e9lo ou \u00e0 v\u00e9lo \u00e0 assistance \u00e9lectrique (VAE):<br \/>\n&#8211; tout deviendrait silencieux et calme,<br \/>\n&#8211; on retrouvait l&rsquo;odorat (sans l&rsquo;odeur pestilentielle des gaz de diesel)<br \/>\n&#8211; tout en faisant de l&rsquo;exercice, les gens se parleraient plus, seraient moins agressifs, plus d\u00e9tendus, plus heureux (exemple des pays o\u00f9 le v\u00e9lo est ancr\u00e9 dans la culture, comme aux Pays-Bas), on prendrait plus le temps de vivre,<br \/>\n&#8211; il y aurait moins d&rsquo;accidents de la circulation,<br \/>\n&#8211; on serait moins malades, en raison d&rsquo;une baisse drastique de la pollution de l&rsquo;air,<br \/>\n&#8211; on aurait plus de capacit\u00e9 financi\u00e8re (Prix de revient du kilom\u00e8tre d&rsquo;un VAE 0,05 euro contre environ 0,50 euro pour la voiture la plus \u00e9conomique du march\u00e9) en r\u00e9duisant de fa\u00e7on notable notre budget \u00ab\u00a0d\u00e9placements\u00a0\u00bb et nos d\u00e9penses de sant\u00e9,<br \/>\n&#8211; on prendrait naturellement plus soin de nous (et des autres) par une vie plus saine et une alimentation plus locale et \u00e9quilibr\u00e9e,<br \/>\n&#8211; les b\u00e2timents et fa\u00e7ades ne seraient plus noircis par les r\u00e9sidus de combustion des moteurs diesel.<\/p>\n<p>La ville serait tellement plus agr\u00e9able et respirable\u00a0!<\/p>\n<p>Quand est-ce qu&rsquo;on transforme le r\u00eave en r\u00e9alit\u00e9 ?<\/p>\n<p>&nbsp;<\/p>\n<p><em>Photo: Heb<\/em><\/p>\n","protected":false},"excerpt":{"rendered":"<p>En France, un salari\u00e9 sur deux effectuerait moins de 8 km pour se rendre \u00e0 son travail, et un trajet sur deux se ferait sur moins de 3 km. Dans <a class=\"more-link\" href=\"https:\/\/carfree.fr\/index.php\/2016\/08\/17\/imaginons-une-ville-sans-voiture-et-a-velo\/\">Lire la suite&#8230;<\/a><\/p>\n","protected":false},"author":1599,"featured_media":37235,"comment_status":"open","ping_status":"closed","sticky":false,"template":"","format":"standard","meta":[],"categories":[7,70],"tags":[524,1664,1662],"views":10437,"_links":{"self":[{"href":"https:\/\/carfree.fr\/index.php\/wp-json\/wp\/v2\/posts\/37229"}],"collection":[{"href":"https:\/\/carfree.fr\/index.php\/wp-json\/wp\/v2\/posts"}],"about":[{"href":"https:\/\/carfree.fr\/index.php\/wp-json\/wp\/v2\/types\/post"}],"author":[{"embeddable":true,"href":"https:\/\/carfree.fr\/index.php\/wp-json\/wp\/v2\/users\/1599"}],"replies":[{"embeddable":true,"href":"https:\/\/carfree.fr\/index.php\/wp-json\/wp\/v2\/comments?post=37229"}],"version-history":[{"count":0,"href":"https:\/\/carfree.fr\/index.php\/wp-json\/wp\/v2\/posts\/37229\/revisions"}],"wp:featuredmedia":[{"embeddable":true,"href":"https:\/\/carfree.fr\/index.php\/wp-json\/wp\/v2\/media\/37235"}],"wp:attachment":[{"href":"https:\/\/carfree.fr\/index.php\/wp-json\/wp\/v2\/media?parent=37229"}],"wp:term":[{"taxonomy":"category","embeddable":true,"href":"https:\/\/carfree.fr\/index.php\/wp-json\/wp\/v2\/categories?post=37229"},{"taxonomy":"post_tag","embeddable":true,"href":"https:\/\/carfree.fr\/index.php\/wp-json\/wp\/v2\/tags?post=37229"}],"curies":[{"name":"wp","href":"https:\/\/api.w.org\/{rel}","templated":true}]}}