{"id":37230,"date":"2016-08-23T09:21:17","date_gmt":"2016-08-23T08:21:17","guid":{"rendered":"http:\/\/carfree.fr\/?p=37230"},"modified":"2021-09-07T15:16:09","modified_gmt":"2021-09-07T14:16:09","slug":"les-sens-et-le-diesel","status":"publish","type":"post","link":"https:\/\/carfree.fr\/index.php\/2016\/08\/23\/les-sens-et-le-diesel\/","title":{"rendered":"Les sens et le diesel&#8230;"},"content":{"rendered":"<p>Sur mon v\u00e9lo, je pars au grand air, l&rsquo;air de rien, habit\u00e9 par une certaine insouciance et joie de vivre. De mon v\u00e9lo, je vois le monde beau et en paix. <!--more--><\/p>\n<p>Rien ne peut m&rsquo;atteindre du haut de mon outil de libert\u00e9.<br \/>\nRien ne sent, si ce n&rsquo;est l&rsquo;odeur de la nature et des herbes coup\u00e9es.<\/p>\n<p>J&rsquo;acc\u00e9l\u00e8re, berc\u00e9 par l&rsquo;air qui fouette mon visage et ce silence ponctu\u00e9 par le doux bruit du vent.<\/p>\n<p>Il ne reste plus que quelques kilom\u00e8tres.<\/p>\n<p>A cette heure matinale, tr\u00e8s peu de voitures circulent, ce qui accroit ma sensation de libert\u00e9 et de qui\u00e9tude.<\/p>\n<p>Je vois \u00e0 quelques centaines de m\u00e8tres, une premi\u00e8re c\u00f4te s&rsquo;annoncer. Je change de braquet et me cale bien sur ma selle, pr\u00eat \u00e0 l&rsquo;effort.<\/p>\n<p>Dans la rumeur matinale de la ville, j&rsquo;entends venant de l&rsquo;arri\u00e8re un grondement de moteur diesel qui semble s&rsquo;accentuer rapidement dans ma direction.<\/p>\n<p>Est-ce une voiture, un camion ? Je me serre \u00e0 droite et redouble de vigilance.<\/p>\n<p>Le son que j&rsquo;entends semble d\u00e9chirer l&rsquo;air. Il est rauque, grave et \u00e9lev\u00e9, entre claquements et vrombissement. Le moteur acc\u00e9l\u00e8re son r\u00e9gime comme pour se pr\u00e9parer \u00e0 la c\u00f4te et le bruit s&rsquo;intensifie.<\/p>\n<p>Si je pouvais boucher mes oreilles pour emp\u00eacher ce son d&rsquo;entrer, je le ferais.<\/p>\n<p>Soudain, cette sonorit\u00e9 s&rsquo;accompagne d&rsquo;une forme m\u00e9tallique. Je vois surgir de ma gauche une voiture haute et longue, conduite par un monsieur.<\/p>\n<p>Il est seul et a l&rsquo;air renfrogn\u00e9 et crisp\u00e9, sans doute non content de devoir ralentir et faire un \u00e9cart pour me doubler.<\/p>\n<p>Il n&rsquo;a pas l&rsquo;air heureux ce monsieur.<\/p>\n<p>Moi non plus \u00e0 cet instant.<\/p>\n<p>Soudain, cette masse m\u00e9tallique me d\u00e9passe et laisse \u00e9chapper des volutes de fum\u00e9es brun\u00e2tres et des effluves \u00e2cres et suffocants que mes poumons, grands ouverts, inhalent.<\/p>\n<p>Si je pouvais me boucher les voies respiratoires pour ne pas inhaler ces fum\u00e9es, je le ferais.<\/p>\n<p>Des questions me viennent alors\u00a0:<br \/>\nQu&rsquo;est-ce que mon corps a absorb\u00e9 ?<br \/>\nLe conducteur sait-il ce que produit son v\u00e9hicule\u00a0?<br \/>\n\u00c0 ce prix, \u00e9tait-il indispensable qu&rsquo;il prenne sa voiture pour son trajet\u00a0?<br \/>\nCe dernier est-il plus l\u00e9gitime que le mien\u00a0?<br \/>\nComment peut-il ainsi s&rsquo;octroyer le droit de d\u00e9grader son environnement et la sant\u00e9 d&rsquo;autrui ?<\/p>\n<p>Un go\u00fbt amer et p\u00e2teux de r\u00e9sidus de suie dans la bouche a fini par clore cette p\u00e9nible rencontre mazout\u00e9e.<\/p>\n","protected":false},"excerpt":{"rendered":"<p>Sur mon v\u00e9lo, je pars au grand air, l&rsquo;air de rien, habit\u00e9 par une certaine insouciance et joie de vivre. De mon v\u00e9lo, je vois le monde beau et en <a class=\"more-link\" href=\"https:\/\/carfree.fr\/index.php\/2016\/08\/23\/les-sens-et-le-diesel\/\">Lire la suite&#8230;<\/a><\/p>\n","protected":false},"author":1599,"featured_media":37254,"comment_status":"open","ping_status":"closed","sticky":false,"template":"","format":"standard","meta":[],"categories":[1037,7],"tags":[130,646,193,33,744,320,1664],"views":7094,"_links":{"self":[{"href":"https:\/\/carfree.fr\/index.php\/wp-json\/wp\/v2\/posts\/37230"}],"collection":[{"href":"https:\/\/carfree.fr\/index.php\/wp-json\/wp\/v2\/posts"}],"about":[{"href":"https:\/\/carfree.fr\/index.php\/wp-json\/wp\/v2\/types\/post"}],"author":[{"embeddable":true,"href":"https:\/\/carfree.fr\/index.php\/wp-json\/wp\/v2\/users\/1599"}],"replies":[{"embeddable":true,"href":"https:\/\/carfree.fr\/index.php\/wp-json\/wp\/v2\/comments?post=37230"}],"version-history":[{"count":0,"href":"https:\/\/carfree.fr\/index.php\/wp-json\/wp\/v2\/posts\/37230\/revisions"}],"wp:featuredmedia":[{"embeddable":true,"href":"https:\/\/carfree.fr\/index.php\/wp-json\/wp\/v2\/media\/37254"}],"wp:attachment":[{"href":"https:\/\/carfree.fr\/index.php\/wp-json\/wp\/v2\/media?parent=37230"}],"wp:term":[{"taxonomy":"category","embeddable":true,"href":"https:\/\/carfree.fr\/index.php\/wp-json\/wp\/v2\/categories?post=37230"},{"taxonomy":"post_tag","embeddable":true,"href":"https:\/\/carfree.fr\/index.php\/wp-json\/wp\/v2\/tags?post=37230"}],"curies":[{"name":"wp","href":"https:\/\/api.w.org\/{rel}","templated":true}]}}