{"id":37342,"date":"2016-09-07T08:41:11","date_gmt":"2016-09-07T07:41:11","guid":{"rendered":"http:\/\/carfree.fr\/?p=37342"},"modified":"2016-09-07T08:41:11","modified_gmt":"2016-09-07T07:41:11","slug":"jaime-pas-le-sport","status":"publish","type":"post","link":"https:\/\/carfree.fr\/index.php\/2016\/09\/07\/jaime-pas-le-sport\/","title":{"rendered":"J&rsquo;aime pas le sport !"},"content":{"rendered":"<p>J\u2019aime pas le sport. J\u2019ai jamais aim\u00e9 \u00e7a. Alors quand on me dit, me voyant arriv\u00e9 \u00e0 v\u00e9lo, \u00ab\u00a0c\u2019est bien, mais moi, j\u2019suis pas sportif-ve,\u00a0\u00bb \u00e7a me h\u00e9risse le poil. Premi\u00e8rement, moi non plus, deuxi\u00e8mement, je ne t\u2019ai rien demand\u00e9, ou peut-\u00eatre une bi\u00e8re ou la route, mais pas ton certificat m\u00e9dical de non pratique du v\u00e9lo. <!--more--><\/p>\n<p>Pour ma part, le sport n\u2019a jamais \u00e9t\u00e9 mon truc, j\u2019en ai bien pratiqu\u00e9 quelques-uns, quand j\u2019\u00e9tais gosse, sans grand succ\u00e8s ni enthousiasme. J\u2019ai jamais \u00e9t\u00e9 choisi dans les premiers dans l\u2019\u00e9quipe de sport \u00e0 l\u2019\u00e9cole, peut-\u00eatre un manque de bol, ou une mauvaise coh\u00e9sion de mes guiboles. Le v\u00e9lo, c\u2019\u00e9tait pour tra\u00eener dans le quartier, mais pas de comp\u00e8t\u2019, pas de cours, pas de prof, pas d\u2019adversaire, que des copains.<\/p>\n<p>Mais \u00e7a veut dire quoi \u00ab\u00a0\u00eatre sportif\u00a0\u00bb\u00a0? \u00catre inscrit \u00e0 un club de sport\u00a0? Pratiquer un sport, une activit\u00e9 physique\u00a0? Jouer au ballon le week-end avec ses gosses\u00a0?<\/p>\n<p>Le sport, c\u2019est une activit\u00e9 physique, soumise \u00e0 des r\u00e8gles, ayant pour but une performance. Le but est de gagner (ou de faire perdre l\u2019adversaire), seul ou en \u00e9quipe. Et oui\u00a0! y\u2019a pas de gagnant sans perdant. C\u2019est vraiment pas un truc sympa le sport\u00a0!<\/p>\n<p>C\u2019\u00e9tait surtout le moyen de propagande du capitalisme et de son esprit de comp\u00e9tition. Le tour de France nait en 1903, la 1ere coupe de France de football en 1917, le 1<sup>er<\/sup> tournoi Roland Garros en 1925, les 1ers jeux olympiques modernes, en 1896, etc.<\/p>\n<p>L\u2019esprit sportif, pas celui de l\u2019entraide, la fraternit\u00e9 et autres niaiseries, le vrai\u00a0: celui de la comp\u00e9tition de tous contre tous, celui du gagner \u00e0 tout prix. Celui de Pierre de Coubertin*, avec sa devise \u00ab\u00a0Plus vite, plus haut, plus fort\u00a0\u00bb, voyait le sport comme moyen de disciplinisation des indig\u00e8nes. Ce qui a bien \u00e9t\u00e9 compris par l\u2019automobile club qui organisait des courses de voitures pour discipliner les refuseurs de progresser en rond qui s\u2019attaquaient \u00e0 ce nouveau joujou.<\/p>\n<p>Et ce sport\u00a0! On le retrouve plus dans l\u2019usage de la voiture que dans celui de la bicyclette.<\/p>\n<p>On y a les r\u00e8gles\u00a0: contr\u00f4le technique de l\u2019\u00e9quipement utilis\u00e9, limitations de vitesse, zones pi\u00e9tonnes interdites, zones 30 et zones de rencontre en sens uniques, etc. Le sportif a m\u00eame sa licence, le permis de conduire, mais sans visite m\u00e9dicale d\u2019aptitude. Il a m\u00eame le contr\u00f4le antidopage.<\/p>\n<p>Le cycliste n\u2019a pas de licence officielle pour pratiquer, il est libre, son seul souci est d\u2019arriver vivant \u00e0 destination, tel un campagnol sorti de terre au beau milieu d\u2019un match de rugby.<\/p>\n<p>Et la performance\u00a0! On est tous les jours t\u00e9moins de ces automobilistes d\u00e9marrant en trombe d\u00e8s le passage au vert, fiers d\u2019\u00eatre arriv\u00e9s premier au prochain feu.<\/p>\n<p>Mon seul but \u00e0 atteindre \u00e0 bicyclette est mon point d\u2019arriv\u00e9e, avec un petit plus, le plaisir de la balade. Et on peut ralentir pour partager un bout d\u2019chemin avec un autre cycliste du quotidien.<\/p>\n<p>Et pour l\u2019activit\u00e9 physique de l\u2019automobiliste, \u00e7a s\u2019arr\u00eate au bar des sports.<\/p>\n<p>Il parait que c\u2019est bon pour la sant\u00e9 le sport, j\u2019en doute. La recherche de la performance te casse physiquement, et vouloir toujours \u00e9craser son prochain, ou se faire \u00e9craser ne doit pas terminer sans quelques probl\u00e8mes psychiques, comme pour l\u2019automabouliste.<\/p>\n<p>Le transport \u00e0 v\u00e9lo, c\u2019est pas du sport, c\u2019est juste une activit\u00e9 physique qui permet de se d\u00e9placer, pour un esprit sain dans un corps sain, ou comme on dit en Italie \u00ab\u00a0chi va piano, va sano\u00a0\u00bb*<\/p>\n<p>Alors, t\u2019es pas sportif\u00a0? Moi non plus. Ton excuse pour pas utiliser de v\u00e9lo, que je t\u2019avais m\u00eame pas demand\u00e9e, est tomb\u00e9e \u00e0 l\u2019eau, alors tu me dis qu\u2019t\u2019as pas l\u2019habitude. Et c\u2019est vrai que moi j\u2019ai l\u2019habitude. Mais avant de l\u2019avoir, je l\u2019avais pas non plus. Un jour, j\u2019ai commenc\u00e9, et puis le lendemain j\u2019ai recommenc\u00e9, et un jour, jme suis dit \u00ab\u00a0Waah\u00a0! J\u2019ai l\u2019habitude\u00a0!\u00a0\u00bb. J\u2019ai pas vraiment fait expr\u00e8s.<\/p>\n<p>Et puis y\u2019a les sportifs, les vrais, enfin ceux qu\u2019aiment bien regarder les v\u00e9los \u00e0 la t\u00e9l\u00e9, pendant l\u2019\u00e9t\u00e9. Et y\u2019en a m\u00eame certains, qui le dimanche matin, s\u2019habillent comme les pages de pub qu\u2019ils aiment bien regarder \u00e0 la t\u00e9l\u00e9, et prennent leur v\u00e9lo pour rouler le plus vite possible jusqu\u2019\u00e0 ce qu\u2019ils arrivent au point de d\u00e9part.<\/p>\n<p>Alors celui-l\u00e0, il n\u2019a rien \u00e0 dire, alors il scrute ton v\u00e9lo et<\/p>\n<p>\u00ab\u00a0c\u2019est du shamano, \u00e7a\u00a0?\u00a0\u00bb<\/p>\n<ul>\n<li>ben, peut-\u00eatre, \u00e7a doit \u00eatre \u00e9crit dessus.<\/li>\n<li>Et les pneus, c\u2019est large, c\u2019est du combien\u00a0?<\/li>\n<li>J\u2019sais pas.<\/li>\n<li>Oh t\u2019as du frein \u00e0 disque, c\u2019est bien \u00e7a\u00a0?<\/li>\n<li>ouais<\/li>\n<li>Pas trop lourd\u00a0?<\/li>\n<li>Ben si<\/li>\n<li>Combien\u00a0?<\/li>\n<li>Combien quoi\u00a0? Aah\u00a0! tu parles du v\u00e9lo\u00a0? Et sinon, tu vas bosser \u00e0 v\u00e9lo\u00a0?<\/li>\n<li>Non, jamais\u00a0! Y\u2019a pas de douche, et j\u2019ai au moins 4km, et vu le prix de mon v\u00e9lo, c\u2019est quand m\u00eame une b\u00eate de comp\u00e8te jveux pas me le faire piquer, et y\u2019a trop de bagnoles sur la route, j\u2019pr\u00e9f\u00e8re ma BM, y\u2019a le si\u00e8ge chauffant, et j\u2019peux \u00e9couter les grosses t\u00eates. Et t\u2019as vu le tour de France\u00a0? g\u00e9nial, non\u00a0?<\/li>\n<\/ul>\n<p>&nbsp;<\/p>\n<p>Et non, j\u2019suis pas sportif, et en plus j\u2019aime pas les bagnoles.<\/p>\n<p>\u00ab\u00a0M\u00eame les \u2026<\/p>\n<p>&#8211; oui, m\u00eame et les autres aussi.<\/p>\n<p>&nbsp;<\/p>\n<p>&nbsp;<\/p>\n<p>&nbsp;<\/p>\n<p>*\u00a0\u00ab\u00a0qui va doucement, va sainement\u00a0\u00bb<\/p>\n<p>* voir wikipedia<\/p>\n","protected":false},"excerpt":{"rendered":"<p>J\u2019aime pas le sport. J\u2019ai jamais aim\u00e9 \u00e7a. Alors quand on me dit, me voyant arriv\u00e9 \u00e0 v\u00e9lo, \u00ab\u00a0c\u2019est bien, mais moi, j\u2019suis pas sportif-ve,\u00a0\u00bb \u00e7a me h\u00e9risse le poil. <a class=\"more-link\" href=\"https:\/\/carfree.fr\/index.php\/2016\/09\/07\/jaime-pas-le-sport\/\">Lire la suite&#8230;<\/a><\/p>\n","protected":false},"author":1555,"featured_media":37344,"comment_status":"open","ping_status":"closed","sticky":false,"template":"","format":"standard","meta":[],"categories":[127,7],"tags":[1709,128,646,320,769,1664],"views":12121,"_links":{"self":[{"href":"https:\/\/carfree.fr\/index.php\/wp-json\/wp\/v2\/posts\/37342"}],"collection":[{"href":"https:\/\/carfree.fr\/index.php\/wp-json\/wp\/v2\/posts"}],"about":[{"href":"https:\/\/carfree.fr\/index.php\/wp-json\/wp\/v2\/types\/post"}],"author":[{"embeddable":true,"href":"https:\/\/carfree.fr\/index.php\/wp-json\/wp\/v2\/users\/1555"}],"replies":[{"embeddable":true,"href":"https:\/\/carfree.fr\/index.php\/wp-json\/wp\/v2\/comments?post=37342"}],"version-history":[{"count":0,"href":"https:\/\/carfree.fr\/index.php\/wp-json\/wp\/v2\/posts\/37342\/revisions"}],"wp:featuredmedia":[{"embeddable":true,"href":"https:\/\/carfree.fr\/index.php\/wp-json\/wp\/v2\/media\/37344"}],"wp:attachment":[{"href":"https:\/\/carfree.fr\/index.php\/wp-json\/wp\/v2\/media?parent=37342"}],"wp:term":[{"taxonomy":"category","embeddable":true,"href":"https:\/\/carfree.fr\/index.php\/wp-json\/wp\/v2\/categories?post=37342"},{"taxonomy":"post_tag","embeddable":true,"href":"https:\/\/carfree.fr\/index.php\/wp-json\/wp\/v2\/tags?post=37342"}],"curies":[{"name":"wp","href":"https:\/\/api.w.org\/{rel}","templated":true}]}}