{"id":376,"date":"2005-07-15T12:50:37","date_gmt":"2005-07-15T11:50:37","guid":{"rendered":"http:\/\/carfree.fr\/index.php\/2005\/07\/15\/le-terrorisme-automobile-permanent\/"},"modified":"2024-02-29T10:26:39","modified_gmt":"2024-02-29T09:26:39","slug":"le-terrorisme-automobile-permanent","status":"publish","type":"post","link":"https:\/\/carfree.fr\/index.php\/2005\/07\/15\/le-terrorisme-automobile-permanent\/","title":{"rendered":"Le terrorisme automobile permanent"},"content":{"rendered":"<p>Il semble n\u00e9cessaire de rappeler les cons\u00e9quences du terrorisme automobile \u00e0 l\u2019\u00e9chelle plan\u00e9taire. L\u2019ins\u00e9curit\u00e9 routi\u00e8re est en effet la cause d\u2019une v\u00e9ritable boucherie, estim\u00e9e par l\u2019Organisation Mondiale de la Sant\u00e9 (OMS) \u00e0 environ 1,2 million de morts et de 20 \u00e0 50 millions de bless\u00e9s chaque ann\u00e9e. <!--more--><\/p>\n<p>Cela repr\u00e9sente donc une moyenne de plus de 3.200 morts par jour, soit plus que le nombre total de morts li\u00e9 aux attentats du 11 septembre 2001!<\/p>\n<p>Selon le D\u00e9partement d\u2019Etat am\u00e9ricain, le nombre total de morts li\u00e9 au terrorisme sur la plan\u00e8te a \u00e9t\u00e9 de 3.547 en 2001, 725 en 2002, 625 en 2003 et 1.907 en 2004 , soit une moyenne de 1.700 morts par an sur la p\u00e9riode 2001-2004.<\/p>\n<p>Et pourtant, cela para\u00eet suffisant aux pays occidentaux pour lancer une v\u00e9ritable \u00ab guerre au terrorisme \u00bb, aux Etats-Unis pour se lancer dans l\u2019invasion de l\u2019Irak et aux m\u00e9dias pour relayer cette situation extravagante qui consiste \u00e0 d\u00e9clarer la guerre \u00e0 un pays pour 1.700 morts par an li\u00e9s au terrorisme alors que dans le m\u00eame temps, environ 3.200 personnes meurent chaque jour \u00e0 cause de l\u2019automobile.<\/p>\n<p>M\u00eame l\u2019OMS ne peut que constater que l\u2019ins\u00e9curit\u00e9 routi\u00e8re \u201cne re\u00e7oit pas suffisamment d\u2019attention \u00e0 l\u2019\u00e9chelle nationale et internationale\u201d.<\/p>\n<p>En outre, il ne s\u2019agit ici que du nombre de morts li\u00e9 aux accidents de la route, qui ne prend pas en compte la mortalit\u00e9 li\u00e9e \u00e0 la pollution automobile. Or, un rapport de l\u2019Afsse de 2004 \u00e9value pour la France le nombre de morts li\u00e9 aux seuls rejets polluants des voitures \u00e0 environ 5.000 par an, soit autant que le nombre total de morts sur les routes !<\/p>\n<p>Ce m\u00eame rapport estime \u00e0 900.000 euros \u201cle co\u00fbt de chaque d\u00e9c\u00e8s li\u00e9 \u00e0 la pollution atmosph\u00e9rique\u201d, ce qui repr\u00e9sente donc environ 4,5 milliards d\u2019euros par an pour la France. Il appara\u00eet donc, toujours selon l\u2019Afsse, que \u201cles cons\u00e9quences n\u00e9fastes engendr\u00e9es par le trafic automobile sont sup\u00e9rieures aux montants pay\u00e9s via les p\u00e9ages et la fiscalit\u00e9 sur les carburants\u201d.<\/p>\n<p>Il est bien \u00e9videmment tr\u00e8s difficile d\u2019avoir une estimation du nombre de morts li\u00e9 \u00e0 la pollution automobile \u00e0 l\u2019\u00e9chelle plan\u00e9taire. Un communiqu\u00e9 de l\u2019OMS du 15 juin 1999 relate malgr\u00e9 tout les r\u00e9sultats d\u2019une \u00e9tude command\u00e9e par l\u2019organisation mondiale, \u00e0 l\u2019\u00e9chelle de 50 pays europ\u00e9ens, \u00e9tude selon laquelle \u00ab la pollution automobile tuerait plus de personnes que les accidents de voiture \u00bb.<\/p>\n<p>Sachant que le parc automobile des pays du Sud est probablement plus polluant que le parc europ\u00e9en, il n\u2019est donc pas interdit de doubler au moins le chiffre du nombre de morts li\u00e9 aux accidents de la route \u00e0 l\u2019\u00e9chelle plan\u00e9taire afin d\u2019avoir une id\u00e9e de l\u2019h\u00e9catombe li\u00e9e \u00e0 l\u2019automobile.<\/p>\n<p>Depuis la fin de la seconde guerre mondiale, aucune guerre, aucun acte de terrorisme, aucune catastrophe \u00e9cologique n\u2019ont pu atteindre l\u2019ampleur du d\u00e9sastre humain provoqu\u00e9 par la g\u00e9n\u00e9ralisation de l\u2019automobile dans le monde.<\/p>\n<p><span style=\"font-size: 78%;\">Image : \u201cCar Cluster\u201d, Benjamin Maloway<\/span><\/p>\n","protected":false},"excerpt":{"rendered":"<p>Il semble n\u00e9cessaire de rappeler les cons\u00e9quences du terrorisme automobile \u00e0 l\u2019\u00e9chelle plan\u00e9taire. L\u2019ins\u00e9curit\u00e9 routi\u00e8re est en effet la cause d\u2019une v\u00e9ritable boucherie, estim\u00e9e par l\u2019Organisation Mondiale de la Sant\u00e9 <a class=\"more-link\" href=\"https:\/\/carfree.fr\/index.php\/2005\/07\/15\/le-terrorisme-automobile-permanent\/\">Lire la suite&#8230;<\/a><\/p>\n","protected":false},"author":11,"featured_media":45863,"comment_status":"open","ping_status":"open","sticky":false,"template":"","format":"standard","meta":[],"categories":[73,1038],"tags":[1848,53,320,178],"views":5133,"_links":{"self":[{"href":"https:\/\/carfree.fr\/index.php\/wp-json\/wp\/v2\/posts\/376"}],"collection":[{"href":"https:\/\/carfree.fr\/index.php\/wp-json\/wp\/v2\/posts"}],"about":[{"href":"https:\/\/carfree.fr\/index.php\/wp-json\/wp\/v2\/types\/post"}],"author":[{"embeddable":true,"href":"https:\/\/carfree.fr\/index.php\/wp-json\/wp\/v2\/users\/11"}],"replies":[{"embeddable":true,"href":"https:\/\/carfree.fr\/index.php\/wp-json\/wp\/v2\/comments?post=376"}],"version-history":[{"count":0,"href":"https:\/\/carfree.fr\/index.php\/wp-json\/wp\/v2\/posts\/376\/revisions"}],"wp:featuredmedia":[{"embeddable":true,"href":"https:\/\/carfree.fr\/index.php\/wp-json\/wp\/v2\/media\/45863"}],"wp:attachment":[{"href":"https:\/\/carfree.fr\/index.php\/wp-json\/wp\/v2\/media?parent=376"}],"wp:term":[{"taxonomy":"category","embeddable":true,"href":"https:\/\/carfree.fr\/index.php\/wp-json\/wp\/v2\/categories?post=376"},{"taxonomy":"post_tag","embeddable":true,"href":"https:\/\/carfree.fr\/index.php\/wp-json\/wp\/v2\/tags?post=376"}],"curies":[{"name":"wp","href":"https:\/\/api.w.org\/{rel}","templated":true}]}}