{"id":37744,"date":"2016-09-29T08:47:55","date_gmt":"2016-09-29T07:47:55","guid":{"rendered":"http:\/\/carfree.fr\/?p=37744"},"modified":"2021-01-07T17:42:20","modified_gmt":"2021-01-07T16:42:20","slug":"la-journee-sans-voiture-a-la-sauce-marseillaise","status":"publish","type":"post","link":"https:\/\/carfree.fr\/index.php\/2016\/09\/29\/la-journee-sans-voiture-a-la-sauce-marseillaise\/","title":{"rendered":"La journ\u00e9e sans voiture \u00e0 la sauce marseillaise"},"content":{"rendered":"<p>C\u2019\u00e9tait donc, jeudi 22 septembre 2016, la <a href=\"https:\/\/journeesansvoitures.wordpress.com\/\" target=\"_blank\" rel=\"noopener\">journ\u00e9e mondiale sans voiture<\/a>. Une journ\u00e9e que l\u2019Europe essaye d\u2019effacer avec la <a href=\"http:\/\/www.mobilityweek.eu\/\" target=\"_blank\" rel=\"noopener\">Semaine Europ\u00e9enne de la Mobilit\u00e9<\/a>. Mais Aix-Marseille-Provence M\u00e9tropole va plus loin avec sa journ\u00e9e de la mobilit\u00e9 \u00e0 la sauce marseillaise. <!--more--><\/p>\n<p>D\u00e9monstration en crescendo !<\/p>\n<p><img decoding=\"async\" loading=\"lazy\" class=\"size-full wp-image-37745 alignright\" src=\"http:\/\/carfree.fr\/img\/2016\/09\/gcum.jpg\" alt=\"gcum\" width=\"300\" height=\"533\" srcset=\"https:\/\/carfree.fr\/img\/2016\/09\/gcum.jpg 300w, https:\/\/carfree.fr\/img\/2016\/09\/gcum-150x267.jpg 150w\" sizes=\"(max-width: 300px) 100vw, 300px\" \/> La journ\u00e9e commence (presque) avec les \u00e9lus: Dominique Tia (d\u00e9put\u00e9 et 1er adjoint du maire d\u00e9l\u00e9gu\u00e9 au transport), Laure-Agn\u00e8s Caradec (adjointe au maire d\u00e9l\u00e9gu\u00e9 \u00e0 la m\u00e9tropole, conseill\u00e8re g\u00e9n\u00e9rale&#8230;), Jean-Pierre Serrus (vice-pr\u00e9sident m\u00e9tropole d\u00e9l\u00e9gu\u00e9 au transport et d\u00e9placement), et Cyril Vrain (?)<\/p>\n<p>Le premier adjoint nous tient tout d\u2019abord inform\u00e9 que tous les \u00e9lus sont venus en deux roues. Sur ce, Laure-Agn\u00e8s Caradec, le reprend en pr\u00e9cisant \u00ab\u00a0<em>en deux roues motoris\u00e9es, par respect pour nos amis du Collectif V\u00e9los en Ville qui sont au deuxi\u00e8me rang<\/em>\u00ab\u00a0. Tiens cela nous rappelle un ancien article. Merci Madame Caradec.<\/p>\n<p>Il s\u2019en suit la premi\u00e8re table ronde avec certes la pr\u00e9sence de loueurs de voitures ce qui rajoute encore un peu plus de moteurs \u00e0 la journ\u00e9e. Rien de bien m\u00e9chant mais bon il auraient quand m\u00eame pu garer leur voiture ailleurs que sur le trottoir (Il y a un an on avait fait la m\u00eame photo&#8230;). Nous on avait gar\u00e9 les v\u00e9los sur les arceaux les plus proches, rue de la r\u00e9publique, \u00e0 200m&#8230;<\/p>\n<p>Attention \u00e7a se g\u00e2te&#8230;<\/p>\n<p>Deuxi\u00e8me table ronde, intitul\u00e9e L\u2019ECoCit\u00e9 Eurom\u00e9diterran\u00e9e. Quels sont les invit\u00e9s ?<\/p>\n<p>Le directeur G\u00e9n\u00e9ral d\u2019Eurom\u00e9diterran\u00e9e, ce qui para\u00eet plut\u00f4t normal m\u00eame si tout le monde n\u2019appr\u00e9cie pas ce projet. Il s\u2019en suit monsieur EIFFAGE, dit aussi monsieur b\u00e9ton. Et le meilleur pour la fin Monsieur BMW, un cousin de Monsieur Volkswagen, <em>himself<\/em>.<\/p>\n<p>Nous avons donc pour repr\u00e9senter la cit\u00e9 \u00e9co(logique), dit Smartseille : monsieur b\u00e9ton et monsieur voiture. C\u2019est effectivement les personnes les plus aptes \u00e0 parler de la situation actuelle \u00e0 Marseille\u2026<\/p>\n<p>Encore plus fort !<\/p>\n<p>Monsieur BMW, vendeur de voitures dans la vraie vie, commence son allocution par une phrase qui restera cultissime. Accrochez-vous au guidon :<\/p>\n<blockquote><p><em>La voiture reste le mode de transport le plus ad\u00e9quat aujourd\u2019hui<\/em><\/p><\/blockquote>\n<p>A partir de l\u00e0, on pensait avoir tout vu et les allocutions de Monsieur Euromed et Monsieur b\u00e9ton sont pass\u00e9es presque inaper\u00e7ues lorsqu\u2019ils ont dit qu\u2019ils innovaient quand ils ne font en fait que respecter la loi. Remarque \u00e0 Marseille, c\u2019est d\u00e9j\u00e0 pas mal.<\/p>\n<p>Mais&#8230;<\/p>\n<p>Mais, il y avait le village de la mobilit\u00e9 pendant ce temps-l\u00e0, sur le vieux-port.<\/p>\n<p>Explications en trois photos :<\/p>\n<p><img decoding=\"async\" loading=\"lazy\" class=\"alignnone size-full wp-image-37746\" src=\"http:\/\/carfree.fr\/img\/2016\/09\/village-de-la-mobilite.jpg\" alt=\"village-de-la-mobilite\" width=\"600\" height=\"337\" srcset=\"https:\/\/carfree.fr\/img\/2016\/09\/village-de-la-mobilite.jpg 600w, https:\/\/carfree.fr\/img\/2016\/09\/village-de-la-mobilite-150x84.jpg 150w\" sizes=\"(max-width: 600px) 100vw, 600px\" \/><br \/>\nA gauche, on peut lire : \u00ab\u00a0Village de la Mobilit\u00e9\u00a0\u00bb<br \/>\nA droite on peut voir 5 BMWs + un scooter de la m\u00eame marque + un bonus<br \/>\nEt avec tous les oriflammes on se croirait dans une v\u00e9ritable concession BMW en zone d\u2019activit\u00e9 p\u00e9ri-urbaine.<\/p>\n<p><img decoding=\"async\" loading=\"lazy\" class=\"alignnone size-full wp-image-37747\" src=\"http:\/\/carfree.fr\/img\/2016\/09\/renault-electrique.jpg\" alt=\"renault-electrique\" width=\"600\" height=\"337\" srcset=\"https:\/\/carfree.fr\/img\/2016\/09\/renault-electrique.jpg 600w, https:\/\/carfree.fr\/img\/2016\/09\/renault-electrique-150x84.jpg 150w\" sizes=\"(max-width: 600px) 100vw, 600px\" \/><br \/>\nQuand on entre on d\u00e9couvre cette fois une ribambelle de voitures \u00e9lectriques !<br \/>\nMaintenant c\u2019est Renault qui est \u00e0 l\u2019honneur.<\/p>\n<p><img decoding=\"async\" loading=\"lazy\" class=\"size-full wp-image-37748 alignright\" src=\"http:\/\/carfree.fr\/img\/2016\/09\/velos-en-ville.jpg\" alt=\"velos-en-ville\" width=\"300\" height=\"533\" srcset=\"https:\/\/carfree.fr\/img\/2016\/09\/velos-en-ville.jpg 300w, https:\/\/carfree.fr\/img\/2016\/09\/velos-en-ville-150x267.jpg 150w\" sizes=\"(max-width: 300px) 100vw, 300px\" \/><br \/>\nEt ce n\u2019est vraiment que si l\u2019on va au bout que l\u2019on trouvera le stand du Collectif V\u00e9los en Ville (environ 2 m2) avec sa zone d\u2019essai de v\u00e9los de 600 m2.<br \/>\nHeureusement que l\u2019on \u00e9tait l\u00e0 pour remonter le niveau !<\/p>\n<p>On vous laisse en tirer les conclusions que vous voudrez&#8230;<\/p>\n","protected":false},"excerpt":{"rendered":"<p>C\u2019\u00e9tait donc, jeudi 22 septembre 2016, la journ\u00e9e mondiale sans voiture. Une journ\u00e9e que l\u2019Europe essaye d\u2019effacer avec la Semaine Europ\u00e9enne de la Mobilit\u00e9. Mais Aix-Marseille-Provence M\u00e9tropole va plus loin <a class=\"more-link\" href=\"https:\/\/carfree.fr\/index.php\/2016\/09\/29\/la-journee-sans-voiture-a-la-sauce-marseillaise\/\">Lire la suite&#8230;<\/a><\/p>\n","protected":false},"author":289,"featured_media":37749,"comment_status":"open","ping_status":"closed","sticky":false,"template":"","format":"standard","meta":[],"categories":[4,7],"tags":[1709,399,202,204,134,235],"views":7846,"_links":{"self":[{"href":"https:\/\/carfree.fr\/index.php\/wp-json\/wp\/v2\/posts\/37744"}],"collection":[{"href":"https:\/\/carfree.fr\/index.php\/wp-json\/wp\/v2\/posts"}],"about":[{"href":"https:\/\/carfree.fr\/index.php\/wp-json\/wp\/v2\/types\/post"}],"author":[{"embeddable":true,"href":"https:\/\/carfree.fr\/index.php\/wp-json\/wp\/v2\/users\/289"}],"replies":[{"embeddable":true,"href":"https:\/\/carfree.fr\/index.php\/wp-json\/wp\/v2\/comments?post=37744"}],"version-history":[{"count":0,"href":"https:\/\/carfree.fr\/index.php\/wp-json\/wp\/v2\/posts\/37744\/revisions"}],"wp:featuredmedia":[{"embeddable":true,"href":"https:\/\/carfree.fr\/index.php\/wp-json\/wp\/v2\/media\/37749"}],"wp:attachment":[{"href":"https:\/\/carfree.fr\/index.php\/wp-json\/wp\/v2\/media?parent=37744"}],"wp:term":[{"taxonomy":"category","embeddable":true,"href":"https:\/\/carfree.fr\/index.php\/wp-json\/wp\/v2\/categories?post=37744"},{"taxonomy":"post_tag","embeddable":true,"href":"https:\/\/carfree.fr\/index.php\/wp-json\/wp\/v2\/tags?post=37744"}],"curies":[{"name":"wp","href":"https:\/\/api.w.org\/{rel}","templated":true}]}}