{"id":3798,"date":"2009-07-20T07:07:14","date_gmt":"2009-07-20T06:07:14","guid":{"rendered":"http:\/\/carfree.fr\/?p=3798"},"modified":"2021-11-17T10:50:34","modified_gmt":"2021-11-17T09:50:34","slug":"gratuite-des-transports-les-jours-de-pollution-en-vrai-ca-nexiste-pas","status":"publish","type":"post","link":"https:\/\/carfree.fr\/index.php\/2009\/07\/20\/gratuite-des-transports-les-jours-de-pollution-en-vrai-ca-nexiste-pas\/","title":{"rendered":"Gratuit\u00e9 des transports les jours de pollution : en vrai, \u00e7a n&rsquo;existe pas!"},"content":{"rendered":"<p><a href=\"http:\/\/carfree.fr\/images\/tableauindiceairparif.png\"><img decoding=\"async\" loading=\"lazy\" title=\"Historique des occurences des mauvais indices de l'air \u00e0 Paris\" src=\"http:\/\/carfree.fr\/images\/tableauindiceairparif.png\" alt=\"Historique des occurences des mauvais indices de l'air \u00e0 Paris\" width=\"528\" height=\"112\" \/><\/a><\/p>\n<p>Si les tarifs des transports d&rsquo;IDF mentionnent la gratuit\u00e9 en cas de pollution, on peut se demander quand cela a-t-il d\u00e9j\u00e0 eu lieu. Vous en souvenez-vous? <!--more--><\/p>\n<p>Sur le site du STIF, on trouve que : \u00ab\u00a0En cas de pic de pollution exceptionnel d\u00e9clar\u00e9 par le pr\u00e9fet de police, l\u2019acc\u00e8s aux r\u00e9seaux OPTILE, RATP, Transilien SNCF est libre ce jour-l\u00e0.\u00a0\u00bb Pourtant, depuis 2003, je n&rsquo;ai pas souvenir de cette mesure ni m\u00eame d&rsquo;une mesure incitative, comme le ticket journ\u00e9e \u00e0 1 euro par exemple&#8230;<\/p>\n<p>Alors quand a r\u00e9ellement lieu cette mesure? Apr\u00e8s quelques requ\u00eates, la r\u00e9ponse est donn\u00e9e par le site <a href=\"http:\/\/www.sytadin.fr\/\">Sytadin<\/a>. <strong>La gratuit\u00e9 des transports est assur\u00e9e les jours o\u00f9 la circulation altern\u00e9e est mise en place! <\/strong>\u00ab\u00a0Lorsqu&rsquo;il y a d\u00e9passement ou une forte probabilit\u00e9 de d\u00e9passement du seuil de 360 \u03bcg\/m3 concernant l&rsquo;ozone (3\u00e9me seuil) ou du niveau d&rsquo;alerte concernant le dioxyde d&rsquo;azote, la mesure de circulation altern\u00e9e est mise en \u0153uvre \u00e0 Paris, et dans les vingt-deux communes limitrophes\u00a0\u00bb.<\/p>\n<p><strong>De plus cela ne concerne que Paris et ses communes limitrophes !<\/strong> \u00ab\u00a0Durant la p\u00e9riode d&rsquo;application de la mesure de circulation altern\u00e9e, le syndicat des transports d&rsquo;Ile-de-France (STIF) assure, sur les communes concern\u00e9es, l&rsquo;acc\u00e8s gratuit aux r\u00e9seaux de transport public en commun de voyageurs.\u00a0\u00bb<\/p>\n<p>Bref, <strong>cette mesure est totalement inefficace<\/strong> puisque l&rsquo;ozone est loin d&rsquo;\u00eatre le seul polluant \u00e0 prendre en compte. En effet, sur le site d&rsquo;Airparif, un historique des indices de qualit\u00e9 de l&rsquo;air montre qu&rsquo;entre 2002 et 2009, l&rsquo;indice 10 (le plus mauvais) a \u00e9t\u00e9 atteint 3 fois, l&rsquo;indice 9, 6 fois.<\/p>\n<p><strong>Au final, la derni\u00e8re fois que les transports furent gratuits en IDF pour cause de pollution, c&rsquo;\u00e9tait en 1997, lors de la mise en place de la circulation altern\u00e9e !<\/strong><\/p>\n<p>A regarder l&rsquo;historique AirParif, si les transports \u00e9taient gratuits sur toute l&rsquo;Ile de France les jours d&rsquo;indice 10 seulement, et co\u00fbtaient 1 eur pour la journ\u00e9e les jours d&rsquo;indice 9, \u00e7a ne co\u00fbterait pas grand chose au STIF, et \u00e7a pourrait largement am\u00e9liorer la qualit\u00e9 de l&rsquo;air !!!<\/p>\n","protected":false},"excerpt":{"rendered":"<p>Si les tarifs des transports d&rsquo;IDF mentionnent la gratuit\u00e9 en cas de pollution, on peut se demander quand cela a-t-il d\u00e9j\u00e0 eu lieu. Vous en souvenez-vous?<\/p>\n","protected":false},"author":111,"featured_media":28596,"comment_status":"open","ping_status":"open","sticky":false,"template":"","format":"standard","meta":[],"categories":[8],"tags":[382,106,33,679],"views":5418,"_links":{"self":[{"href":"https:\/\/carfree.fr\/index.php\/wp-json\/wp\/v2\/posts\/3798"}],"collection":[{"href":"https:\/\/carfree.fr\/index.php\/wp-json\/wp\/v2\/posts"}],"about":[{"href":"https:\/\/carfree.fr\/index.php\/wp-json\/wp\/v2\/types\/post"}],"author":[{"embeddable":true,"href":"https:\/\/carfree.fr\/index.php\/wp-json\/wp\/v2\/users\/111"}],"replies":[{"embeddable":true,"href":"https:\/\/carfree.fr\/index.php\/wp-json\/wp\/v2\/comments?post=3798"}],"version-history":[{"count":0,"href":"https:\/\/carfree.fr\/index.php\/wp-json\/wp\/v2\/posts\/3798\/revisions"}],"wp:featuredmedia":[{"embeddable":true,"href":"https:\/\/carfree.fr\/index.php\/wp-json\/"}],"wp:attachment":[{"href":"https:\/\/carfree.fr\/index.php\/wp-json\/wp\/v2\/media?parent=3798"}],"wp:term":[{"taxonomy":"category","embeddable":true,"href":"https:\/\/carfree.fr\/index.php\/wp-json\/wp\/v2\/categories?post=3798"},{"taxonomy":"post_tag","embeddable":true,"href":"https:\/\/carfree.fr\/index.php\/wp-json\/wp\/v2\/tags?post=3798"}],"curies":[{"name":"wp","href":"https:\/\/api.w.org\/{rel}","templated":true}]}}