{"id":38016,"date":"2016-10-26T08:01:49","date_gmt":"2016-10-26T07:01:49","guid":{"rendered":"http:\/\/carfree.fr\/?p=38016"},"modified":"2020-10-06T05:56:02","modified_gmt":"2020-10-06T04:56:02","slug":"nous-finirons-tous-gazes","status":"publish","type":"post","link":"https:\/\/carfree.fr\/index.php\/2016\/10\/26\/nous-finirons-tous-gazes\/","title":{"rendered":"Nous finirons tous gaz\u00e9s"},"content":{"rendered":"<p>L&rsquo;actualit\u00e9 r\u00e9cente nous offre un t\u00e9lescopage de mauvaises nouvelles sur le front de la qualit\u00e9 de l&rsquo;air \u00e0 l&rsquo;\u00e9chelle mondiale. <!--more--><\/p>\n<p><strong>En Europe, pendant que la pollution de l&rsquo;air tue, les \u00c9tats et les constructeurs de voitures continuent de magouiller<\/strong><\/p>\n<p>Le quotidien britannique <a href=\"https:\/\/www.theguardian.com\/environment\/2016\/oct\/24\/petrol-cars-allowed-to-exceed-pollution-limits-by-50-under-draft-eu-laws\" target=\"_blank\">The Guardian<\/a> nous apprend que les micro-particules sont le plus important contributeur aux quelque 600.000 d\u00e9c\u00e8s pr\u00e9matur\u00e9s en Europe de maladies cardiaques et pulmonaires li\u00e9es \u00e0 la pollution chaque ann\u00e9e. Les enfants et les personnes \u00e2g\u00e9es sont les plus touch\u00e9s. Il y a donc urgence \u00e0 agir pour sauver des vies. Pas de bol, un nouveau projet de r\u00e8glement europ\u00e9en soutenu par la plupart des \u00c9tats de l&rsquo;Union Europ\u00e9enne va autoriser les constructeurs \u00e0 vendre des voitures d\u00e9passant de 50% les limites sur les \u00e9missions de particules (au-dessus de la limite l\u00e9gale fix\u00e9e dans le r\u00e8glement Euro 6). Dans les coulisses, les constructeurs automobiles ont pouss\u00e9 fortement pour une augmentation stup\u00e9fiante de 300%&#8230;<\/p>\n<p><strong>En Afrique, la pollution de l&rsquo;air tue d\u00e9sormais plus que la malnutrition<\/strong><\/p>\n<p>Le <a href=\"https:\/\/www.theguardian.com\/global-development\/2016\/oct\/20\/air-pollution-deadlier-africa-than-dirty-water-or-malnutrition-oecd?CMP=share_btn_tw\" target=\"_blank\">m\u00eame quotidien<\/a> d\u00e9voile que la pollution de l&rsquo;air fait d\u00e9sormais plus de morts en Afrique que la malnutrition ou l&rsquo;eau insalubre. La premi\u00e8re tentative majeure pour calculer le co\u00fbt humain et financier de la pollution sur le continent africain sugg\u00e8re que la pollution de l&rsquo;air tue 712.000 personnes par an pr\u00e9matur\u00e9ment, comparativement \u00e0 environ 542.000 morts li\u00e9s \u00e0 l&rsquo;eau insalubre, 275.000 morts li\u00e9s \u00e0 la malnutrition et 391.000 morts li\u00e9s \u00e0 un assainissement dangereux.<\/p>\n<p><strong>En 2016, nous avons battu des records de CO2<\/strong><\/p>\n<p>Enfin, le dernier Bulletin de l&rsquo;Organisation M\u00e9t\u00e9orologique Mondiale (OMM) sur les gaz \u00e0 effet de serre nous apprend que nous venons de battre un nouveau record. La teneur de l&rsquo;atmosph\u00e8re, moyenn\u00e9e \u00e0 l&rsquo;\u00e9chelle du globe, en dioxyde de carbone (CO2) atteint le seuil, aussi symbolique que significatif, de 400 parties par million (ppm) pour la premi\u00e8re fois en 2015 et a affich\u00e9 de nouveaux records en 2016 dans le sillage d&rsquo;un tr\u00e8s puissant Ni\u00f1o. La barre des 400 ppm avait d\u00e9j\u00e0 \u00e9t\u00e9 atteinte auparavant par le CO2 \u00e0 certains endroits et durant certains mois de l&rsquo;ann\u00e9e, mais jamais encore \u00e0 l&rsquo;\u00e9chelle du globe et pour une ann\u00e9e enti\u00e8re. La plus ancienne station de surveillance des gaz \u00e0 effet de serre, sise \u00e0 Mauna Loa (Hawaii), a annonc\u00e9 que les concentrations de CO2 demeureraient sup\u00e9rieures \u00e0 400 ppm pour toute l&rsquo;ann\u00e9e 2016 et qu&rsquo;elles ne redescendraient pas en-dessous de ce seuil pour les nombreuses g\u00e9n\u00e9rations \u00e0 venir.<\/p>\n<p><em>Photo: <a href=\"https:\/\/commons.wikimedia.org\/wiki\/File:Smog_over_Almaty.jpg\" target=\"_blank\">Smog sur Almaty<\/a> (Kazakhstan)<\/em><\/p>\n","protected":false},"excerpt":{"rendered":"<p>L&rsquo;actualit\u00e9 r\u00e9cente nous offre un t\u00e9lescopage de mauvaises nouvelles sur le front de la qualit\u00e9 de l&rsquo;air \u00e0 l&rsquo;\u00e9chelle mondiale.<\/p>\n","protected":false},"author":1390,"featured_media":38017,"comment_status":"open","ping_status":"closed","sticky":false,"template":"","format":"standard","meta":[],"categories":[1037,124],"tags":[284,244,57,56,594,169,61,33],"views":7378,"_links":{"self":[{"href":"https:\/\/carfree.fr\/index.php\/wp-json\/wp\/v2\/posts\/38016"}],"collection":[{"href":"https:\/\/carfree.fr\/index.php\/wp-json\/wp\/v2\/posts"}],"about":[{"href":"https:\/\/carfree.fr\/index.php\/wp-json\/wp\/v2\/types\/post"}],"author":[{"embeddable":true,"href":"https:\/\/carfree.fr\/index.php\/wp-json\/wp\/v2\/users\/1390"}],"replies":[{"embeddable":true,"href":"https:\/\/carfree.fr\/index.php\/wp-json\/wp\/v2\/comments?post=38016"}],"version-history":[{"count":0,"href":"https:\/\/carfree.fr\/index.php\/wp-json\/wp\/v2\/posts\/38016\/revisions"}],"wp:featuredmedia":[{"embeddable":true,"href":"https:\/\/carfree.fr\/index.php\/wp-json\/wp\/v2\/media\/38017"}],"wp:attachment":[{"href":"https:\/\/carfree.fr\/index.php\/wp-json\/wp\/v2\/media?parent=38016"}],"wp:term":[{"taxonomy":"category","embeddable":true,"href":"https:\/\/carfree.fr\/index.php\/wp-json\/wp\/v2\/categories?post=38016"},{"taxonomy":"post_tag","embeddable":true,"href":"https:\/\/carfree.fr\/index.php\/wp-json\/wp\/v2\/tags?post=38016"}],"curies":[{"name":"wp","href":"https:\/\/api.w.org\/{rel}","templated":true}]}}