{"id":38141,"date":"2016-11-18T09:51:21","date_gmt":"2016-11-18T08:51:21","guid":{"rendered":"http:\/\/carfree.fr\/?p=38141"},"modified":"2016-12-16T11:14:10","modified_gmt":"2016-12-16T10:14:10","slug":"experimenter-la-ville-sans-voiture","status":"publish","type":"post","link":"https:\/\/carfree.fr\/index.php\/2016\/11\/18\/experimenter-la-ville-sans-voiture\/","title":{"rendered":"Exp\u00e9rimenter la ville sans voiture"},"content":{"rendered":"<p>Et si vivre en ville sans poss\u00e9der de voiture devenait la norme ? Pour beaucoup, un tel futur est encore difficile \u00e0 imaginer, mais cinq villes europ\u00e9ennes ont d\u00e9cid\u00e9 d\u2019y croire. <!--more--><\/p>\n<p>Dans le cadre du projet \u00ab Civitas Eccentric \u00bb, financ\u00e9 par l\u2019Union europ\u00e9enne, Turku en Finlande, Stockholm en Su\u00e8de, Madrid, en Espagne, Rus, en Bulgarie et Munich, en Allemagne ont s\u00e9lectionn\u00e9 un quartier qui encourage ses habitants \u00e0 ne plus poss\u00e9der de v\u00e9hicule.<\/p>\n<p>Pauline Curtet de Radio France International (RFI) est all\u00e9e voir comment se passait l&rsquo;exp\u00e9rience dans le quartier de Domagkpark \u00e0 Munich.<\/p>\n<p><a href=\"http:\/\/www.rfi.fr\/emission\/20161114-experimenter-ville-voiture\" target=\"_blank\">\u00c9couter le reportage sur RFI<\/a><\/p>\n","protected":false},"excerpt":{"rendered":"<p>Et si vivre en ville sans poss\u00e9der de voiture devenait la norme ? Pour beaucoup, un tel futur est encore difficile \u00e0 imaginer, mais cinq villes europ\u00e9ennes ont d\u00e9cid\u00e9 d\u2019y <a class=\"more-link\" href=\"https:\/\/carfree.fr\/index.php\/2016\/11\/18\/experimenter-la-ville-sans-voiture\/\">Lire la suite&#8230;<\/a><\/p>\n","protected":false},"author":1390,"featured_media":38142,"comment_status":"open","ping_status":"closed","sticky":false,"template":"","format":"standard","meta":[],"categories":[5,70],"tags":[1709,64,657,169,553,1718,548,1662],"views":9259,"_links":{"self":[{"href":"https:\/\/carfree.fr\/index.php\/wp-json\/wp\/v2\/posts\/38141"}],"collection":[{"href":"https:\/\/carfree.fr\/index.php\/wp-json\/wp\/v2\/posts"}],"about":[{"href":"https:\/\/carfree.fr\/index.php\/wp-json\/wp\/v2\/types\/post"}],"author":[{"embeddable":true,"href":"https:\/\/carfree.fr\/index.php\/wp-json\/wp\/v2\/users\/1390"}],"replies":[{"embeddable":true,"href":"https:\/\/carfree.fr\/index.php\/wp-json\/wp\/v2\/comments?post=38141"}],"version-history":[{"count":0,"href":"https:\/\/carfree.fr\/index.php\/wp-json\/wp\/v2\/posts\/38141\/revisions"}],"wp:featuredmedia":[{"embeddable":true,"href":"https:\/\/carfree.fr\/index.php\/wp-json\/wp\/v2\/media\/38142"}],"wp:attachment":[{"href":"https:\/\/carfree.fr\/index.php\/wp-json\/wp\/v2\/media?parent=38141"}],"wp:term":[{"taxonomy":"category","embeddable":true,"href":"https:\/\/carfree.fr\/index.php\/wp-json\/wp\/v2\/categories?post=38141"},{"taxonomy":"post_tag","embeddable":true,"href":"https:\/\/carfree.fr\/index.php\/wp-json\/wp\/v2\/tags?post=38141"}],"curies":[{"name":"wp","href":"https:\/\/api.w.org\/{rel}","templated":true}]}}