{"id":38257,"date":"2016-12-07T10:25:13","date_gmt":"2016-12-07T09:25:13","guid":{"rendered":"http:\/\/carfree.fr\/?p=38257"},"modified":"2016-12-07T10:32:31","modified_gmt":"2016-12-07T09:32:31","slug":"hygiene-et-sante-publiques","status":"publish","type":"post","link":"https:\/\/carfree.fr\/index.php\/2016\/12\/07\/hygiene-et-sante-publiques\/","title":{"rendered":"Hygi\u00e8ne et sant\u00e9 publiques"},"content":{"rendered":"<p>Magnifique question d&rsquo;un conseiller municipal de Paris en 1963 au sujet de la pollution. O\u00f9 l&rsquo;on voit que les \u00ab\u00a0pauvres\u00a0\u00bb automobilistes sont tr\u00e8s bien d\u00e9fendus par les \u00e9lus depuis maintenant plus de 50 ans&#8230; <!--more--><\/p>\n<p><img decoding=\"async\" loading=\"lazy\" class=\"alignnone size-full wp-image-38259\" src=\"http:\/\/carfree.fr\/img\/2016\/12\/hygiene-sante-publique-1.jpg\" alt=\"hygiene-sante-publique\" width=\"600\" height=\"432\" srcset=\"https:\/\/carfree.fr\/img\/2016\/12\/hygiene-sante-publique-1.jpg 600w, https:\/\/carfree.fr\/img\/2016\/12\/hygiene-sante-publique-1-150x108.jpg 150w\" sizes=\"(max-width: 600px) 100vw, 600px\" \/><\/p>\n","protected":false},"excerpt":{"rendered":"<p>Magnifique question d&rsquo;un conseiller municipal de Paris en 1963 au sujet de la pollution. O\u00f9 l&rsquo;on voit que les \u00ab\u00a0pauvres\u00a0\u00bb automobilistes sont tr\u00e8s bien d\u00e9fendus par les \u00e9lus depuis maintenant <a class=\"more-link\" href=\"https:\/\/carfree.fr\/index.php\/2016\/12\/07\/hygiene-et-sante-publiques\/\">Lire la suite&#8230;<\/a><\/p>\n","protected":false},"author":70,"featured_media":38260,"comment_status":"open","ping_status":"closed","sticky":false,"template":"","format":"standard","meta":[],"categories":[1037],"tags":[177,106,287,33,320],"views":6462,"_links":{"self":[{"href":"https:\/\/carfree.fr\/index.php\/wp-json\/wp\/v2\/posts\/38257"}],"collection":[{"href":"https:\/\/carfree.fr\/index.php\/wp-json\/wp\/v2\/posts"}],"about":[{"href":"https:\/\/carfree.fr\/index.php\/wp-json\/wp\/v2\/types\/post"}],"author":[{"embeddable":true,"href":"https:\/\/carfree.fr\/index.php\/wp-json\/wp\/v2\/users\/70"}],"replies":[{"embeddable":true,"href":"https:\/\/carfree.fr\/index.php\/wp-json\/wp\/v2\/comments?post=38257"}],"version-history":[{"count":0,"href":"https:\/\/carfree.fr\/index.php\/wp-json\/wp\/v2\/posts\/38257\/revisions"}],"wp:featuredmedia":[{"embeddable":true,"href":"https:\/\/carfree.fr\/index.php\/wp-json\/wp\/v2\/media\/38260"}],"wp:attachment":[{"href":"https:\/\/carfree.fr\/index.php\/wp-json\/wp\/v2\/media?parent=38257"}],"wp:term":[{"taxonomy":"category","embeddable":true,"href":"https:\/\/carfree.fr\/index.php\/wp-json\/wp\/v2\/categories?post=38257"},{"taxonomy":"post_tag","embeddable":true,"href":"https:\/\/carfree.fr\/index.php\/wp-json\/wp\/v2\/tags?post=38257"}],"curies":[{"name":"wp","href":"https:\/\/api.w.org\/{rel}","templated":true}]}}