{"id":38285,"date":"2016-12-16T10:24:25","date_gmt":"2016-12-16T09:24:25","guid":{"rendered":"http:\/\/carfree.fr\/?p=38285"},"modified":"2021-11-17T10:44:36","modified_gmt":"2021-11-17T09:44:36","slug":"le-modele-cubain","status":"publish","type":"post","link":"https:\/\/carfree.fr\/index.php\/2016\/12\/16\/le-modele-cubain\/","title":{"rendered":"Le mod\u00e8le cubain"},"content":{"rendered":"<p>Avec la mort de Fidel Castro, c&rsquo;est un pan de l&rsquo;histoire universelle qui est en train de tomber. A l&rsquo;heure des Poutine, Trump ou Fillon, il est de bon ton de d\u00e9noncer Cuba comme une dictature sanglante. Vous comprenez, c&rsquo;est d\u00e9sormais la \u00ab\u00a0fin de l&rsquo;Histoire\u00a0\u00bb et nous filons tout droit vers le \u00ab\u00a0paradis n\u00e9o-lib\u00e9ral\u00a0\u00bb. Il n&rsquo;y aura plus de fonctionnaires, toujours plus de baisses d&rsquo;imp\u00f4ts pour les plus riches, des in\u00e9galit\u00e9s toujours plus fortes, un productivisme effr\u00e9n\u00e9 et un pillage des ressources naturelles sans pr\u00e9c\u00e9dent au service d&rsquo;une \u00e9lite, mais puisqu&rsquo;on vous dit que c&rsquo;est le paradis! <!--more--><\/p>\n<p>D&rsquo;ailleurs, S\u00e9gol\u00e8ne Royal qui s&rsquo;est rendue r\u00e9cemment \u00e0 Cuba pour les fun\u00e9railles de Fidel Castro a \u00e9t\u00e9 vertement remise en place par tous les orthodoxes n\u00e9o-lib\u00e9raux. Son seul tort, avoir d\u00e9clar\u00e9 \u00e0 Cuba que \u00ab\u00a0<em>gr\u00e2ce \u00e0 Fidel Castro, les Cubains ont r\u00e9cup\u00e9r\u00e9 leur territoire, leur vie, leur destin<\/em>.\u00a0\u00bb<\/p>\n<p>En fait, il est possible d&rsquo;aller beaucoup plus loin que S\u00e9gol\u00e8ne Royal, en se demandant si gr\u00e2ce \u00e0 Cuba, ce ne sont pas les Terriens qui pourraient r\u00e9cup\u00e9rer leur territoire, leur vie, leur destin. Pourquoi? Tout simplement parce que <a href=\"http:\/\/carfree.fr\/index.php\/2009\/05\/06\/developpement-soutenable-un-pays-montre-lexemple\/\" target=\"_blank\">Cuba est probablement le seul pays qui soit r\u00e9ellement \u00ab\u00a0soutenable\u00a0\u00bb \u00e0 l&rsquo;\u00e9chelle de la plan\u00e8te<\/a>.<\/p>\n<p>Si on d\u00e9finit la \u00ab\u00a0soutenabilit\u00e9\u00a0\u00bb comme la conjonction d&rsquo;un indice de d\u00e9veloppement humain sup\u00e9rieur ou \u00e9gal \u00e0 la valeur consid\u00e9r\u00e9e comme un \u201chaut \u00e9tat de d\u00e9veloppement humain\u201d et d&rsquo;une empreinte \u00e9cologique par habitant ne d\u00e9passant pas la capacit\u00e9 biologique moyenne mondiale par habitant, le seul pays au monde parvenant \u00e0 rassembler ces deux crit\u00e8res est&#8230; Cuba.<\/p>\n<p>Cette d\u00e9finition de la \u00ab\u00a0soutenabilit\u00e9\u00a0\u00bb est celle propos\u00e9e par un rapport du WWF en 2006, le \u201cLiving Planet Report\u201d.<\/p>\n<p>Cuba est en effet probablement le seul pays au monde \u00e0 offrir un haut <a href=\"https:\/\/fr.wikipedia.org\/wiki\/Indice_de_d%C3%A9veloppement_humain\" target=\"_blank\">niveau de d\u00e9veloppement humain<\/a>, caract\u00e9ris\u00e9 par le niveau de vie, l&rsquo;esp\u00e9rance de vie \u00e0 la naissance et l&rsquo;\u00e9ducation, tout en ayant une <a href=\"https:\/\/fr.wikipedia.org\/wiki\/Empreinte_%C3%A9cologique\" target=\"_blank\">empreinte \u00e9cologique<\/a>, c&rsquo;est-\u00e0-dire une pression exerc\u00e9e par les hommes envers les ressources naturelles, relativement faible.<\/p>\n<p>En effet, la plupart des pays au monde accaparent plus que leur part (empreinte \u00e9cologique trop forte), ou alors vivent dans la \u201cpauvret\u00e9\u201d (indice de d\u00e9veloppement humain trop bas).<\/p>\n<p>Il ne s&rsquo;agit pas ici d&rsquo;id\u00e9aliser Cuba, qui <a href=\"http:\/\/www.barricade.be\/sites\/default\/files\/publications\/pdf\/2012pablochristian-cuba.pdf\" target=\"_blank\">conna\u00eet de nombreux probl\u00e8mes depuis maintenant trop longtemps<\/a>. Mais les faits sont indiscutables: Cuba est \u00e9cologiquement soutenable tout en offrant \u00e0 sa population un haut niveau de d\u00e9veloppement. Ainsi, Cuba est largement reconnu comme un mod\u00e8le en mati\u00e8re de sant\u00e9, y compris par l&rsquo;Organisation Mondiale de la Sant\u00e9! Selon l\u2019organisme onusien, le syst\u00e8me de sant\u00e9 \u00e0 Cuba a <a href=\"http:\/\/www.mondialisation.ca\/cuba-un-modele-selon-lorganisation-mondiale-de-la-sante\/5394097\" target=\"_blank\">valeur d\u2019exemple pour tous les pays du monde<\/a> (message transmis \u00e0 Fran\u00e7ois Fillon&#8230;).<\/p>\n<p>On ne va pas faire ici une Histoire d\u00e9taill\u00e9e de Cuba, mais il faut quand m\u00eame rappeler quelques \u00e9l\u00e9ments historiques pour mieux comprendre o\u00f9 en est Cuba aujourd&rsquo;hui. Au d\u00e9part, il y avait la dictature de Batista, soutenue par les Etats-Unis, jusqu&rsquo;\u00e0 ce que Fidel Castro et Che Guevara lancent la r\u00e9volution cubaine en 1959, nationalisent les multinationales, en particulier am\u00e9ricaines comme la puissante <em>United Fruit Company<\/em> et mettent en place un r\u00e9gime d&rsquo;ob\u00e9dience marxiste.<\/p>\n<p>Suite \u00e0 la r\u00e9volution cubaine, les Etats-Unis tentent sans succ\u00e8s d&rsquo;envahir Cuba lors du fameux \u00e9pisode de la Baie des Cochons en 1961. Les Etats-Unis d\u00e9cident alors de mettre Cuba sous embargo, qui se tourne vers l&rsquo;URSS pour assurer sa survie. Cuba se d\u00e9veloppe alors selon un mod\u00e8le de type sovi\u00e9tique, en favorisant l&rsquo;industrie lourde et l&rsquo;agriculture d&rsquo;exportation. Tout ceci prend fin brutalement en 1989 avec la chute de l&rsquo;URSS. C&rsquo;est le d\u00e9but de la p\u00e9nurie de p\u00e9trole et de devises, Cuba perdant ses march\u00e9s d&rsquo;exportation vers le \u00ab\u00a0monde socialiste\u00a0\u00bb et ses importations p\u00e9troli\u00e8res \u00e0 faible co\u00fbt en provenance d&rsquo;URSS.<\/p>\n<p>C&rsquo;est le d\u00e9but de ce que l&rsquo;on a appel\u00e9 \u00ab\u00a0<em>el periodo especial<\/em>\u00a0\u00bb (la p\u00e9riode sp\u00e9ciale) et qui s&rsquo;est traduite par une baisse du PIB cubain d&rsquo;un tiers en 10 ans. Du jour au lendemain, les Cubains ont \u00e9t\u00e9 en quelque sorte contraints \u00e0 la transition \u00e9nerg\u00e9tique. Ils ont connu de mani\u00e8re concr\u00e8te ce qui nous attend tous \u00e0 plus ou moins br\u00e8ve \u00e9ch\u00e9ance, \u00e0 savoir la fin du p\u00e9trole bon march\u00e9.<\/p>\n<p>Les Cubains ont du repenser leur agriculture qui utilisait des tracteurs et des pesticides sur des cultures d\u2019exportation, d\u00e9velopper une agriculture vivri\u00e8re demandant plus de main d\u2019\u0153uvre, r\u00e9organiser les transports, en reconvertissant les poids lourds en transports publics, en r\u00e9habilitant le covoiturage et la bicyclette. Un film documentaire raconte justement cela, il est intitul\u00e9 \u00ab\u00a0<em><a href=\"https:\/\/www.youtube.com\/watch?v=KEF19NV_3SE\" target=\"_blank\">Comment Cuba a surv\u00e9cu au Pic de p\u00e9trole<\/a><\/em>.\u00a0\u00bb<\/p>\n<p>La p\u00e9riode sp\u00e9ciale s&rsquo;est donc traduite par un choc sans pr\u00e9c\u00e9dent sur l&rsquo;\u00e9conomie cubaine, d&rsquo;autant plus que l&#8217;embargo am\u00e9ricain continuait pendant ce temps.<\/p>\n<p>Et pourtant, les Cubains ont surv\u00e9cu. Le syst\u00e8me cubain est sans doute travers\u00e9 par de nombreuses contradictions, il aboutit malgr\u00e9 tout \u00e0 proposer un mod\u00e8le de d\u00e9veloppement qui est sans doute le seul \u00e0 \u00eatre r\u00e9ellement soutenable \u00e0 l&rsquo;heure actuelle.<\/p>\n<p>De cela, on peut tirer au moins deux enseignements:<br \/>\n&#8211; Un autre mod\u00e8le de d\u00e9veloppement est possible, sans p\u00e9trole et en respectant la nature, tout en offrant un niveau de vie relativement \u00e9lev\u00e9.<br \/>\n&#8211; Ce qui s&rsquo;est pass\u00e9 \u00e0 Cuba \u00e9tait contraint, c&rsquo;est-\u00e0-dire pas particuli\u00e8rement souhait\u00e9 par les habitants, ce qui explique sans doute les difficult\u00e9s persistantes du pays aujourd&rsquo;hui.<\/p>\n<p>Avec la fin du p\u00e9trole et l&rsquo;\u00e9puisement g\u00e9n\u00e9ral des ressources naturelles, la \u00ab\u00a0p\u00e9riode sp\u00e9ciale\u00a0\u00bb est donc devant nous. Si nous voulons \u00e9viter <a href=\"http:\/\/carfree.fr\/index.php\/2015\/10\/21\/leffondrement-cest-maintenant\/\" target=\"_blank\">l&rsquo;effondrement<\/a>, il est n\u00e9cessaire de s&rsquo;organiser d\u00e8s maintenant dans cette optique et de planifier la n\u00e9cessaire transition sous peine de se voir imposer un choc sans pr\u00e9c\u00e9dent.<\/p>\n<p>En cela, Cuba nous montre la voie.<\/p>\n","protected":false},"excerpt":{"rendered":"<p>Avec la mort de Fidel Castro, c&rsquo;est un pan de l&rsquo;histoire universelle qui est en train de tomber. A l&rsquo;heure des Poutine, Trump ou Fillon, il est de bon ton <a class=\"more-link\" href=\"https:\/\/carfree.fr\/index.php\/2016\/12\/16\/le-modele-cubain\/\">Lire la suite&#8230;<\/a><\/p>\n","protected":false},"author":18,"featured_media":38286,"comment_status":"open","ping_status":"closed","sticky":false,"template":"","format":"standard","meta":[],"categories":[6],"tags":[1709,139,658,68,1663,45],"views":10599,"_links":{"self":[{"href":"https:\/\/carfree.fr\/index.php\/wp-json\/wp\/v2\/posts\/38285"}],"collection":[{"href":"https:\/\/carfree.fr\/index.php\/wp-json\/wp\/v2\/posts"}],"about":[{"href":"https:\/\/carfree.fr\/index.php\/wp-json\/wp\/v2\/types\/post"}],"author":[{"embeddable":true,"href":"https:\/\/carfree.fr\/index.php\/wp-json\/wp\/v2\/users\/18"}],"replies":[{"embeddable":true,"href":"https:\/\/carfree.fr\/index.php\/wp-json\/wp\/v2\/comments?post=38285"}],"version-history":[{"count":0,"href":"https:\/\/carfree.fr\/index.php\/wp-json\/wp\/v2\/posts\/38285\/revisions"}],"wp:featuredmedia":[{"embeddable":true,"href":"https:\/\/carfree.fr\/index.php\/wp-json\/wp\/v2\/media\/38286"}],"wp:attachment":[{"href":"https:\/\/carfree.fr\/index.php\/wp-json\/wp\/v2\/media?parent=38285"}],"wp:term":[{"taxonomy":"category","embeddable":true,"href":"https:\/\/carfree.fr\/index.php\/wp-json\/wp\/v2\/categories?post=38285"},{"taxonomy":"post_tag","embeddable":true,"href":"https:\/\/carfree.fr\/index.php\/wp-json\/wp\/v2\/tags?post=38285"}],"curies":[{"name":"wp","href":"https:\/\/api.w.org\/{rel}","templated":true}]}}