{"id":38295,"date":"2016-12-13T09:43:50","date_gmt":"2016-12-13T08:43:50","guid":{"rendered":"http:\/\/carfree.fr\/?p=38295"},"modified":"2025-03-11T16:15:00","modified_gmt":"2025-03-11T15:15:00","slug":"velooze","status":"publish","type":"post","link":"https:\/\/carfree.fr\/index.php\/2016\/12\/13\/velooze\/","title":{"rendered":"V\u00e9looze"},"content":{"rendered":"<p>Les caisses sont vides. Ou alors l&rsquo;argent qui reste est utilis\u00e9 \u00e0 autre chose. Les principales associations cyclistes fran\u00e7aises p\u00e9dalent dans la choucroute, le minist\u00e8re du d\u00e9veloppement durable ayant coup\u00e9 les fonds des subventions. <!--more--><\/p>\n<p>En cause, <a href=\"https:\/\/www.franceinter.fr\/emissions\/et-si-demain\/et-si-demain-12-decembre-2016\" target=\"_blank\" rel=\"noopener\">environ 230.000 euros de subventions pour l&rsquo;ann\u00e9e 2016<\/a>, \u00e0 se partager entre associations nationales de promotion du v\u00e9lo (FUB, AF3V, Heureux Cyclage, D\u00e9partement et R\u00e9gions Cyclables, France V\u00e9lo Tourisme). Cela ne repr\u00e9sente pas bien lourd, mais apparemment c&rsquo;est encore trop pour le minist\u00e8re qui ne paie plus. \u00c9videmment, des emplois sont menac\u00e9s par cet arr\u00eat des subventions publiques.<\/p>\n<p>Un an apr\u00e8s la COP21 et pendant un \u00e9pisode calamiteux de pollution urbaine, cela fait mauvais genre. Franchement, comment peut-on en \u00eatre l\u00e0? 230.000 euros, c&rsquo;est vraiment des \u00e9conomies de bout de chandelle. Quand on sait que le m\u00eame minist\u00e8re du d\u00e9veloppement durable est cens\u00e9 d\u00e9bloquer des fonds \u00e0 hauteur de 750 millions d\u2019euros en trois ans pour la \u00ab\u00a0transition \u00e9nerg\u00e9tique\u00a0\u00bb, on ne pourrait pas trouver 230.000 euros pour le v\u00e9lo en France?<\/p>\n<p>Le v\u00e9lo est quand m\u00eame l&rsquo;outil id\u00e9al de la \u00ab\u00a0transition \u00e9nerg\u00e9tique\u00a0\u00bb. Alors, il est o\u00f9 le probl\u00e8me? Quand on regarde \u00e0 quoi doivent \u00eatre utilis\u00e9s les 750 millions d&rsquo;euros de la transition \u00e9nerg\u00e9tique, on trouve&#8230; le d\u00e9ploiement de plus de 5 000 bornes de recharge \u00e9lectrique. On ne refait pas <a href=\"http:\/\/carfree.fr\/index.php\/2016\/10\/05\/la-fin-de-segolene-royal\/\" target=\"_blank\" rel=\"noopener\">S\u00e9gol\u00e8ne Royal<\/a>&#8230; 230.000 euros, cela doit repr\u00e9senter \u00e0 peu pr\u00e8s le prix de 5 bornes de recharge rapide sur la voie publique.<\/p>\n<p>Et le pire, c&rsquo;est que cela risque de ne pas s&rsquo;arranger en 2017. Si c&rsquo;est Fillon qui gagne l&rsquo;\u00e9lection pr\u00e9sidentielle, les associations cyclistes peuvent faire une croix d\u00e9finitive sur leurs subventions&#8230; d&rsquo;autant plus si c&rsquo;est <a href=\"http:\/\/carfree.fr\/index.php\/2016\/11\/10\/bruno-le-maire-le-lobby-automobile-et-la-guerre-du-viet-nam\/\" target=\"_blank\" rel=\"noopener\">Bruno Le Maire<\/a> le ministre des transports.<\/p>\n<p>Des subventions publiques pour le v\u00e9lo? Cela fait vraiment trop 20\u00e8me si\u00e8cle, limite \u00e9conomie sovi\u00e9tique. Et pourquoi pas des tramways \u00e0 p\u00e9dale pendant qu&rsquo;on y est?<\/p>\n<p>R\u00e9veillez-vous les gars! On est au 21\u00e8me si\u00e8cle et la modernit\u00e9 c&rsquo;est l&rsquo;ultra-lib\u00e9ralisme.<\/p>\n<p>Et si on lan\u00e7ait une grande campagne de financement participatif sur Internet, pardon je veux dire \u00ab\u00a0crowdfunding\u00a0\u00bb, pour subventionner les associations v\u00e9lo? On s&rsquo;inscrit sur Kickstarter et on demande 250 000 euros aux internautes pour financer la politique v\u00e9lo fran\u00e7aise. \u00c7a c&rsquo;est de la politique v\u00e9lo 2.0! Sans m\u00eame parler du buzz, si on trouve de bonnes contreparties, genre un casque \u00ab\u00a0\u00e0 v\u00e9lo avec Macron\u00a0\u00bb ou des gilets de s\u00e9curit\u00e9 avec la photo de Fillon, on est assur\u00e9 du succ\u00e8s.<\/p>\n<p>Voire m\u00eame, \u00e7a marchera tellement bien qu&rsquo;on aura trop d&rsquo;argent! On sera oblig\u00e9 de cr\u00e9er une start-up pour faire de la Green Tech et incuber \u00e0 sec les petites assos de promotion du v\u00e9lo. Je vois d\u00e9j\u00e0 le nom de start-up, <a href=\"https:\/\/velooze.wordpress.com\/\" target=\"_blank\" rel=\"noopener\">V\u00e9looze<\/a>, avec un business plan imbattable: on cr\u00e9\u00e9 une appli connect\u00e9e \u00e0 Paypal qui permet de s&rsquo;acheter des am\u00e9nagements cyclables pr\u00e8s de chez soi. Si t&rsquo;as du fric, tu peux t&rsquo;acheter 500 m\u00e8tres de bande cyclable pour aller \u00e0 ton boulot.<\/p>\n<p>Si t&rsquo;as pas de fric, tu prends ta bagnole.<\/p>\n","protected":false},"excerpt":{"rendered":"<p>Les caisses sont vides. Ou alors l&rsquo;argent qui reste est utilis\u00e9 \u00e0 autre chose. Les principales associations cyclistes fran\u00e7aises p\u00e9dalent dans la choucroute, le minist\u00e8re du d\u00e9veloppement durable ayant coup\u00e9 <a class=\"more-link\" href=\"https:\/\/carfree.fr\/index.php\/2016\/12\/13\/velooze\/\">Lire la suite&#8230;<\/a><\/p>\n","protected":false},"author":18,"featured_media":38296,"comment_status":"open","ping_status":"closed","sticky":false,"template":"","format":"standard","meta":[],"categories":[4,7],"tags":[1709,326,16,846,850,1198,1664],"views":11075,"_links":{"self":[{"href":"https:\/\/carfree.fr\/index.php\/wp-json\/wp\/v2\/posts\/38295"}],"collection":[{"href":"https:\/\/carfree.fr\/index.php\/wp-json\/wp\/v2\/posts"}],"about":[{"href":"https:\/\/carfree.fr\/index.php\/wp-json\/wp\/v2\/types\/post"}],"author":[{"embeddable":true,"href":"https:\/\/carfree.fr\/index.php\/wp-json\/wp\/v2\/users\/18"}],"replies":[{"embeddable":true,"href":"https:\/\/carfree.fr\/index.php\/wp-json\/wp\/v2\/comments?post=38295"}],"version-history":[{"count":0,"href":"https:\/\/carfree.fr\/index.php\/wp-json\/wp\/v2\/posts\/38295\/revisions"}],"wp:featuredmedia":[{"embeddable":true,"href":"https:\/\/carfree.fr\/index.php\/wp-json\/wp\/v2\/media\/38296"}],"wp:attachment":[{"href":"https:\/\/carfree.fr\/index.php\/wp-json\/wp\/v2\/media?parent=38295"}],"wp:term":[{"taxonomy":"category","embeddable":true,"href":"https:\/\/carfree.fr\/index.php\/wp-json\/wp\/v2\/categories?post=38295"},{"taxonomy":"post_tag","embeddable":true,"href":"https:\/\/carfree.fr\/index.php\/wp-json\/wp\/v2\/tags?post=38295"}],"curies":[{"name":"wp","href":"https:\/\/api.w.org\/{rel}","templated":true}]}}